{"id":4204,"date":"2013-01-03T22:39:57","date_gmt":"2013-01-03T22:39:57","guid":{"rendered":"http:\/\/aviones.mindonium.es\/portal\/?p=4204"},"modified":"2018-08-12T18:05:07","modified_gmt":"2018-08-12T18:05:07","slug":"la-historia-del-futbol-en-mondonedo-va-a-abrir-de-nuevo-este-fin-de-semana","status":"publish","type":"post","link":"https:\/\/aviones.mindonium.es\/portal\/2013\/01\/03\/la-historia-del-futbol-en-mondonedo-va-a-abrir-de-nuevo-este-fin-de-semana\/","title":{"rendered":"&#8220;La Historia del F\u00fatbol en Mondo\u00f1edo&#8221; va a abrir de nuevo este fin de semana"},"content":{"rendered":"<p>La Asociaci\u00f3n Cultural O Pasatempo de Mondo\u00f1edo quiere recordarles que la exposici\u00f3n fotogr\u00e1fica &#8220;La Historia del F\u00fatbol en Mondo\u00f1edo&#8221; va a abrir de nuevo esta fin de semana en la Casa de la Cultura, con horario de 11 a 13 y de 16 a 19 el s\u00e1bado d\u00eda 5 de enero y de 11 de la ma\u00f1ana a 13 horas el domingo D\u00eda de Reyes. Todos los que lo deseen podr\u00e1n acercarse hasta la l\u00ed ver las fotograf\u00edas de los equipos de f\u00fatbol mindoniense desde los a\u00f1os 20 hasta la actualidad.<\/p>\n<p>El Pasatemo tambi\u00e9n quiere agradecer todos los que visitaron la exposici\u00f3n en los \u00faltimos fines de semana y todas las personas que acudieron a las dos sesiones de la &#8220;I Jornada de Cortometrajes&#8221;.<\/p>\n<p><a href=\"http:\/\/aviones.mindonium.es\/portal\/wp-content\/uploads\/2013\/01\/Cartel-EXPO-HIST-FUTBOL.jpg\" target=\"_blank\"><img loading=\"lazy\" decoding=\"async\" class=\"aligncenter size-medium wp-image-4206\" src=\"http:\/\/aviones.mindonium.es\/portal\/wp-content\/uploads\/2013\/01\/Cartel-EXPO-HIST-FUTBOL-200x300.jpg\" alt=\"\" width=\"200\" height=\"300\" srcset=\"https:\/\/aviones.mindonium.es\/portal\/wp-content\/uploads\/2013\/01\/Cartel-EXPO-HIST-FUTBOL-200x300.jpg 200w, https:\/\/aviones.mindonium.es\/portal\/wp-content\/uploads\/2013\/01\/Cartel-EXPO-HIST-FUTBOL-400x598.jpg 400w, https:\/\/aviones.mindonium.es\/portal\/wp-content\/uploads\/2013\/01\/Cartel-EXPO-HIST-FUTBOL.jpg 642w\" sizes=\"(max-width: 200px) 100vw, 200px\" \/><\/a><\/p>\n<p><a href=\"http:\/\/www.mindonium.es\">Volver a inicio<\/a><br \/>\n<span style=\"color: #808080;\">mindonium.es \u201cel portal de todos los Mindonienses\u201d<\/span><br \/>\n<span style=\"color: #808080;\"> Te gustar\u00eda recibir las publicaciones en tu correo?<\/span><a href=\"http:\/\/aviones.mindonium.es\/portal\/wp-login.php?action=register\"> Reg\u00edstrate<\/a><\/p>\n","protected":false},"excerpt":{"rendered":"<p>La Asociaci\u00f3n Cultural O Pasatempo de Mondo\u00f1edo quiere recordarles que la exposici\u00f3n fotogr\u00e1fica &#8220;La Historia del F\u00fatbol en Mondo\u00f1edo&#8221; va<\/p>\n","protected":false},"author":1,"featured_media":0,"comment_status":"closed","ping_status":"closed","sticky":false,"template":"","format":"standard","meta":{"colormag_page_container_layout":"default_layout","colormag_page_sidebar_layout":"default_layout","_s2mail":"yes","footnotes":""},"categories":[17],"tags":[],"_links":{"self":[{"href":"https:\/\/aviones.mindonium.es\/portal\/wp-json\/wp\/v2\/posts\/4204"}],"collection":[{"href":"https:\/\/aviones.mindonium.es\/portal\/wp-json\/wp\/v2\/posts"}],"about":[{"href":"https:\/\/aviones.mindonium.es\/portal\/wp-json\/wp\/v2\/types\/post"}],"author":[{"embeddable":true,"href":"https:\/\/aviones.mindonium.es\/portal\/wp-json\/wp\/v2\/users\/1"}],"replies":[{"embeddable":true,"href":"https:\/\/aviones.mindonium.es\/portal\/wp-json\/wp\/v2\/comments?post=4204"}],"version-history":[{"count":8,"href":"https:\/\/aviones.mindonium.es\/portal\/wp-json\/wp\/v2\/posts\/4204\/revisions"}],"predecessor-version":[{"id":4329,"href":"https:\/\/aviones.mindonium.es\/portal\/wp-json\/wp\/v2\/posts\/4204\/revisions\/4329"}],"wp:attachment":[{"href":"https:\/\/aviones.mindonium.es\/portal\/wp-json\/wp\/v2\/media?parent=4204"}],"wp:term":[{"taxonomy":"category","embeddable":true,"href":"https:\/\/aviones.mindonium.es\/portal\/wp-json\/wp\/v2\/categories?post=4204"},{"taxonomy":"post_tag","embeddable":true,"href":"https:\/\/aviones.mindonium.es\/portal\/wp-json\/wp\/v2\/tags?post=4204"}],"curies":[{"name":"wp","href":"https:\/\/api.w.org\/{rel}","templated":true}]}}