{"id":4156,"date":"2012-12-25T12:14:55","date_gmt":"2012-12-25T12:14:55","guid":{"rendered":"http:\/\/aviones.mindonium.es\/portal\/?p=4156"},"modified":"2018-08-12T18:05:08","modified_gmt":"2018-08-12T18:05:08","slug":"i-jornada-de-cortometrajes-o-pasatempo","status":"publish","type":"post","link":"https:\/\/aviones.mindonium.es\/portal\/2012\/12\/25\/i-jornada-de-cortometrajes-o-pasatempo\/","title":{"rendered":"I Jornada de Cortometrajes O Pasatempo"},"content":{"rendered":"<p>El domingo se celebr\u00f3 la primera de las sesiones dentro de la &#8220;I Jornada de Cortometrajes O Pasatempo&#8221; con mucha afluencia de p\u00fablico. Recordamos que el pr\u00f3ximo domingo 30, a las 8 de la tarde se celebrar\u00e1 la segunda jornada con la proyecci\u00f3n de cinco nuevas cortas elaboradas por creadores gallegos. El s\u00e1bado 29, a las 20:30, en el Auditorio Municipal de Mondo\u00f1edo se producir\u00e1 el estreno de &#8220;Mr Smith&amp;Mrs Wesson&#8221;, dirigida por Alejandro Saavedra.<\/p>\n<p>Asimismo, durante esta fin de semana estuvo abierta al p\u00fablico la exposici\u00f3n &#8220;La historia del f\u00fatbol en Mondo\u00f1edo&#8221; que dej\u00f3 encantados y llenos de recuerdos a todos los que por all\u00ed pasaron. La exposici\u00f3n podr\u00e1 visitarse de nuevo los d\u00edas 29,30 y 31 en horario de 11 a 13 por la ma\u00f1ana y de 16 a 19 por la tarde, en casa de la Cultura de Mondo\u00f1edo.20:30, en el Auditorio Municipal de Mondo\u00f1edo se producir\u00e1 el estreno de &#8220;Mr Smith&amp;Mrs Wesson&#8221;, dirigida por Alejandro Saavedra.<\/p>\n<p>Fotos : Clica en ellas para verlas a tama\u00f1o m\u00e1s grande<\/p>\n<p><a href=\"http:\/\/aviones.mindonium.es\/portal\/wp-content\/uploads\/2012\/12\/1%C2%AASesi%C3%B3n-Curtas-OPasatempo.jpg\" target=\"_blank\"><img loading=\"lazy\" decoding=\"async\" class=\"aligncenter size-medium wp-image-4157\" src=\"http:\/\/aviones.mindonium.es\/portal\/wp-content\/uploads\/2012\/12\/1\u00aaSesi\u00f3n-Curtas-OPasatempo-300x190.jpg\" alt=\"\" width=\"300\" height=\"190\" srcset=\"https:\/\/aviones.mindonium.es\/portal\/wp-content\/uploads\/2012\/12\/1\u00aaSesi\u00f3n-Curtas-OPasatempo-300x190.jpg 300w, https:\/\/aviones.mindonium.es\/portal\/wp-content\/uploads\/2012\/12\/1\u00aaSesi\u00f3n-Curtas-OPasatempo-400x254.jpg 400w, https:\/\/aviones.mindonium.es\/portal\/wp-content\/uploads\/2012\/12\/1\u00aaSesi\u00f3n-Curtas-OPasatempo.jpg 1000w\" sizes=\"(max-width: 300px) 100vw, 300px\" \/><\/a><\/p>\n<p><a href=\"http:\/\/aviones.mindonium.es\/portal\/wp-content\/uploads\/2012\/12\/1%C2%AASesi%C3%B3n-curtas-OPasatempo_2.jpg\" target=\"_blank\"><img loading=\"lazy\" decoding=\"async\" class=\"aligncenter size-medium wp-image-4158\" src=\"http:\/\/aviones.mindonium.es\/portal\/wp-content\/uploads\/2012\/12\/1\u00aaSesi\u00f3n-curtas-OPasatempo_2-300x185.jpg\" alt=\"\" width=\"300\" height=\"185\" srcset=\"https:\/\/aviones.mindonium.es\/portal\/wp-content\/uploads\/2012\/12\/1\u00aaSesi\u00f3n-curtas-OPasatempo_2-300x185.jpg 300w, https:\/\/aviones.mindonium.es\/portal\/wp-content\/uploads\/2012\/12\/1\u00aaSesi\u00f3n-curtas-OPasatempo_2-400x247.jpg 400w, https:\/\/aviones.mindonium.es\/portal\/wp-content\/uploads\/2012\/12\/1\u00aaSesi\u00f3n-curtas-OPasatempo_2.jpg 1000w\" sizes=\"(max-width: 300px) 100vw, 300px\" \/><\/a><\/p>\n<p><a href=\"http:\/\/www.mindonium.es\/\">Volver a inicio<\/a><br \/>\n<span style=\"color: #808080;\">mindonium.es \u201cel portal de todos los Mindonienses\u201d<\/span><br \/>\n<span style=\"color: #808080;\"> Te gustar\u00eda recibir las publicaciones en tu correo?<\/span><a href=\"http:\/\/aviones.mindonium.es\/portal\/wp-login.php?action=register\"> Reg\u00edstrate<\/a><\/p>\n","protected":false},"excerpt":{"rendered":"<p>El domingo se celebr\u00f3 la primera de las sesiones dentro de la &#8220;I Jornada de Cortometrajes O Pasatempo&#8221; con mucha<\/p>\n","protected":false},"author":1,"featured_media":0,"comment_status":"closed","ping_status":"closed","sticky":false,"template":"","format":"standard","meta":{"colormag_page_container_layout":"default_layout","colormag_page_sidebar_layout":"default_layout","_s2mail":"yes","footnotes":""},"categories":[17],"tags":[],"_links":{"self":[{"href":"https:\/\/aviones.mindonium.es\/portal\/wp-json\/wp\/v2\/posts\/4156"}],"collection":[{"href":"https:\/\/aviones.mindonium.es\/portal\/wp-json\/wp\/v2\/posts"}],"about":[{"href":"https:\/\/aviones.mindonium.es\/portal\/wp-json\/wp\/v2\/types\/post"}],"author":[{"embeddable":true,"href":"https:\/\/aviones.mindonium.es\/portal\/wp-json\/wp\/v2\/users\/1"}],"replies":[{"embeddable":true,"href":"https:\/\/aviones.mindonium.es\/portal\/wp-json\/wp\/v2\/comments?post=4156"}],"version-history":[{"count":4,"href":"https:\/\/aviones.mindonium.es\/portal\/wp-json\/wp\/v2\/posts\/4156\/revisions"}],"predecessor-version":[{"id":7176,"href":"https:\/\/aviones.mindonium.es\/portal\/wp-json\/wp\/v2\/posts\/4156\/revisions\/7176"}],"wp:attachment":[{"href":"https:\/\/aviones.mindonium.es\/portal\/wp-json\/wp\/v2\/media?parent=4156"}],"wp:term":[{"taxonomy":"category","embeddable":true,"href":"https:\/\/aviones.mindonium.es\/portal\/wp-json\/wp\/v2\/categories?post=4156"},{"taxonomy":"post_tag","embeddable":true,"href":"https:\/\/aviones.mindonium.es\/portal\/wp-json\/wp\/v2\/tags?post=4156"}],"curies":[{"name":"wp","href":"https:\/\/api.w.org\/{rel}","templated":true}]}}