{"id":4099,"date":"2012-11-26T15:33:10","date_gmt":"2012-11-26T15:33:10","guid":{"rendered":"http:\/\/aviones.mindonium.es\/portal\/?p=4099"},"modified":"2018-08-12T18:05:09","modified_gmt":"2018-08-12T18:05:09","slug":"vi-concurso-de-tapas-ciudad-de-mondonedo-2","status":"publish","type":"post","link":"https:\/\/aviones.mindonium.es\/portal\/2012\/11\/26\/vi-concurso-de-tapas-ciudad-de-mondonedo-2\/","title":{"rendered":"VI concurso de tapas ciudad de Mondo\u00f1edo"},"content":{"rendered":"<p>Mondo\u00f1edo vivi\u00f3 un intenso fin de semana con la VI edici\u00f3n de tapas, gran n\u00famero de Mindonienses y visitantes se acercaron a degustar las propuestas de los 14 establecimientos que participaron en el evento.<\/p>\n<p>En la noche del s\u00e1bado algunos locales a las 22.00 horas ya ten\u00edan agotadas la existencia de sus tapas llegando a servir hasta 400 tapas en apenas 3 horas , a todo esto el grupo de gaitas \u201c Aires do Padornelo \u201c se encarg\u00f3 de amenizar el evento por los distintos locales participantes.<\/p>\n<p>Esta semana el jurado compuesto por 4 Mindonienses dar\u00e1 los premios.<\/p>\n<p><strong>A Bodegui\u00f1a , catro vellos mari\u00f1eiros y cami\u00f1o norte<\/strong><br \/>\n<a href=\"http:\/\/aviones.mindonium.es\/portal\/wp-content\/uploads\/2012\/11\/A-Bodegui%C3%B1a-catro-vellos-mari%C3%B1eiros-y-cami%C3%B1o-norte.jpg\" target=\"_blank\"><img loading=\"lazy\" decoding=\"async\" class=\"aligncenter size-medium wp-image-4100\" src=\"http:\/\/aviones.mindonium.es\/portal\/wp-content\/uploads\/2012\/11\/A-Bodegui\u00f1a-catro-vellos-mari\u00f1eiros-y-cami\u00f1o-norte-300x200.jpg\" alt=\"\" width=\"300\" height=\"200\" srcset=\"https:\/\/aviones.mindonium.es\/portal\/wp-content\/uploads\/2012\/11\/A-Bodegui\u00f1a-catro-vellos-mari\u00f1eiros-y-cami\u00f1o-norte-300x200.jpg 300w, https:\/\/aviones.mindonium.es\/portal\/wp-content\/uploads\/2012\/11\/A-Bodegui\u00f1a-catro-vellos-mari\u00f1eiros-y-cami\u00f1o-norte-400x268.jpg 400w, https:\/\/aviones.mindonium.es\/portal\/wp-content\/uploads\/2012\/11\/A-Bodegui\u00f1a-catro-vellos-mari\u00f1eiros-y-cami\u00f1o-norte.jpg 900w\" sizes=\"(max-width: 300px) 100vw, 300px\" \/><\/a><\/p>\n<p><strong>A taberna do Valeco , boli\u00f1o de caldo y urdanga en su salsa<\/strong><br \/>\n<a href=\"http:\/\/aviones.mindonium.es\/portal\/wp-content\/uploads\/2012\/11\/A-taberna-do-Valeco-boli%C3%B1o-de-caldo-y-urdanga-en-su-salsa.jpg\" target=\"_blank\"><img loading=\"lazy\" decoding=\"async\" class=\"aligncenter size-medium wp-image-4102\" src=\"http:\/\/aviones.mindonium.es\/portal\/wp-content\/uploads\/2012\/11\/A-taberna-do-Valeco-boli\u00f1o-de-caldo-y-urdanga-en-su-salsa-300x200.jpg\" alt=\"\" width=\"300\" height=\"200\" srcset=\"https:\/\/aviones.mindonium.es\/portal\/wp-content\/uploads\/2012\/11\/A-taberna-do-Valeco-boli\u00f1o-de-caldo-y-urdanga-en-su-salsa-300x200.jpg 300w, https:\/\/aviones.mindonium.es\/portal\/wp-content\/uploads\/2012\/11\/A-taberna-do-Valeco-boli\u00f1o-de-caldo-y-urdanga-en-su-salsa-400x268.jpg 400w, https:\/\/aviones.mindonium.es\/portal\/wp-content\/uploads\/2012\/11\/A-taberna-do-Valeco-boli\u00f1o-de-caldo-y-urdanga-en-su-salsa.jpg 900w\" sizes=\"(max-width: 300px) 100vw, 300px\" \/><\/a><\/p>\n<p><strong>Abad\u00eda , costilla con crema de casta\u00f1as y pastel de at\u00fan con salsa pimiento<\/strong><br \/>\n<a href=\"http:\/\/aviones.mindonium.es\/portal\/wp-content\/uploads\/2012\/11\/Abad%C3%ADa-costilla-con-crema-de-casta%C3%B1as-y-pastel-de-at%C3%BAn-con-salsa-pimiento.jpg\" target=\"_blank\"><img loading=\"lazy\" decoding=\"async\" class=\"aligncenter size-medium wp-image-4103\" src=\"http:\/\/aviones.mindonium.es\/portal\/wp-content\/uploads\/2012\/11\/Abad\u00eda-costilla-con-crema-de-casta\u00f1as-y-pastel-de-at\u00fan-con-salsa-pimiento-300x200.jpg\" alt=\"\" width=\"300\" height=\"200\" srcset=\"https:\/\/aviones.mindonium.es\/portal\/wp-content\/uploads\/2012\/11\/Abad\u00eda-costilla-con-crema-de-casta\u00f1as-y-pastel-de-at\u00fan-con-salsa-pimiento-300x200.jpg 300w, https:\/\/aviones.mindonium.es\/portal\/wp-content\/uploads\/2012\/11\/Abad\u00eda-costilla-con-crema-de-casta\u00f1as-y-pastel-de-at\u00fan-con-salsa-pimiento-400x268.jpg 400w, https:\/\/aviones.mindonium.es\/portal\/wp-content\/uploads\/2012\/11\/Abad\u00eda-costilla-con-crema-de-casta\u00f1as-y-pastel-de-at\u00fan-con-salsa-pimiento.jpg 900w\" sizes=\"(max-width: 300px) 100vw, 300px\" \/><\/a><\/p>\n<p><strong>Bar Castro , buey oto\u00f1al y brocheta sorpresa<\/strong><br \/>\n<a href=\"http:\/\/aviones.mindonium.es\/portal\/wp-content\/uploads\/2012\/11\/Bar-Castro-buey-oto%C3%B1al-y-brocheta-sorpresa.jpg\" target=\"_blank\"><img loading=\"lazy\" decoding=\"async\" class=\"aligncenter size-medium wp-image-4104\" src=\"http:\/\/aviones.mindonium.es\/portal\/wp-content\/uploads\/2012\/11\/Bar-Castro-buey-oto\u00f1al-y-brocheta-sorpresa-300x200.jpg\" alt=\"\" width=\"300\" height=\"200\" srcset=\"https:\/\/aviones.mindonium.es\/portal\/wp-content\/uploads\/2012\/11\/Bar-Castro-buey-oto\u00f1al-y-brocheta-sorpresa-300x200.jpg 300w, https:\/\/aviones.mindonium.es\/portal\/wp-content\/uploads\/2012\/11\/Bar-Castro-buey-oto\u00f1al-y-brocheta-sorpresa-400x268.jpg 400w, https:\/\/aviones.mindonium.es\/portal\/wp-content\/uploads\/2012\/11\/Bar-Castro-buey-oto\u00f1al-y-brocheta-sorpresa.jpg 900w\" sizes=\"(max-width: 300px) 100vw, 300px\" \/><\/a><\/p>\n<p><strong>Bar Central , suspiros de mar y bon proveito<\/strong><br \/>\n<a href=\"http:\/\/aviones.mindonium.es\/portal\/wp-content\/uploads\/2012\/11\/Bar-Central-suspiros-de-mar-y-bon-proveito.jpg\" target=\"_blank\"><img loading=\"lazy\" decoding=\"async\" class=\"aligncenter size-medium wp-image-4105\" src=\"http:\/\/aviones.mindonium.es\/portal\/wp-content\/uploads\/2012\/11\/Bar-Central-suspiros-de-mar-y-bon-proveito-300x200.jpg\" alt=\"\" width=\"300\" height=\"200\" srcset=\"https:\/\/aviones.mindonium.es\/portal\/wp-content\/uploads\/2012\/11\/Bar-Central-suspiros-de-mar-y-bon-proveito-300x200.jpg 300w, https:\/\/aviones.mindonium.es\/portal\/wp-content\/uploads\/2012\/11\/Bar-Central-suspiros-de-mar-y-bon-proveito-400x268.jpg 400w, https:\/\/aviones.mindonium.es\/portal\/wp-content\/uploads\/2012\/11\/Bar-Central-suspiros-de-mar-y-bon-proveito.jpg 900w\" sizes=\"(max-width: 300px) 100vw, 300px\" \/><\/a><\/p>\n<p><strong>Bar Mini , roasted beef con aires citros y adivi\u00f1a de Cunqueiro.<\/strong><br \/>\n<a href=\"http:\/\/aviones.mindonium.es\/portal\/wp-content\/uploads\/2012\/11\/Bar-Mini-roasted-beef-con-aires-citros-y-adivi%C3%B1a-de-Cunqueiro..jpg\" target=\"_blank\"><img loading=\"lazy\" decoding=\"async\" class=\"aligncenter size-medium wp-image-4106\" src=\"http:\/\/aviones.mindonium.es\/portal\/wp-content\/uploads\/2012\/11\/Bar-Mini-roasted-beef-con-aires-citros-y-adivi\u00f1a-de-Cunqueiro.-300x200.jpg\" alt=\"\" width=\"300\" height=\"200\" srcset=\"https:\/\/aviones.mindonium.es\/portal\/wp-content\/uploads\/2012\/11\/Bar-Mini-roasted-beef-con-aires-citros-y-adivi\u00f1a-de-Cunqueiro.-300x200.jpg 300w, https:\/\/aviones.mindonium.es\/portal\/wp-content\/uploads\/2012\/11\/Bar-Mini-roasted-beef-con-aires-citros-y-adivi\u00f1a-de-Cunqueiro.-400x268.jpg 400w, https:\/\/aviones.mindonium.es\/portal\/wp-content\/uploads\/2012\/11\/Bar-Mini-roasted-beef-con-aires-citros-y-adivi\u00f1a-de-Cunqueiro..jpg 900w\" sizes=\"(max-width: 300px) 100vw, 300px\" \/><\/a><\/p>\n<p><a href=\"http:\/\/aviones.mindonium.es\/portal\/wp-content\/uploads\/2012\/11\/Bar-Mini-roasted-beef-con-aires-citros-y-adivi%C3%B1a-de-Cunqueiro.jpg\" target=\"_blank\"><img loading=\"lazy\" decoding=\"async\" class=\"aligncenter size-medium wp-image-4107\" src=\"http:\/\/aviones.mindonium.es\/portal\/wp-content\/uploads\/2012\/11\/Bar-Mini-roasted-beef-con-aires-citros-y-adivi\u00f1a-de-Cunqueiro-300x200.jpg\" alt=\"\" width=\"300\" height=\"200\" srcset=\"https:\/\/aviones.mindonium.es\/portal\/wp-content\/uploads\/2012\/11\/Bar-Mini-roasted-beef-con-aires-citros-y-adivi\u00f1a-de-Cunqueiro-300x200.jpg 300w, https:\/\/aviones.mindonium.es\/portal\/wp-content\/uploads\/2012\/11\/Bar-Mini-roasted-beef-con-aires-citros-y-adivi\u00f1a-de-Cunqueiro-400x268.jpg 400w, https:\/\/aviones.mindonium.es\/portal\/wp-content\/uploads\/2012\/11\/Bar-Mini-roasted-beef-con-aires-citros-y-adivi\u00f1a-de-Cunqueiro.jpg 900w\" sizes=\"(max-width: 300px) 100vw, 300px\" \/><\/a><\/p>\n<p><strong>Bodeg\u00f3n a Catedral , tosta a catedral y brocheta de peixe<\/strong><br \/>\n<a href=\"http:\/\/aviones.mindonium.es\/portal\/wp-content\/uploads\/2012\/11\/Bodeg%C3%B3n-a-Catedral-tosta-a-catedral-y-brocheta-de-peixe.jpg\" target=\"_blank\"><img loading=\"lazy\" decoding=\"async\" class=\"aligncenter size-medium wp-image-4108\" src=\"http:\/\/aviones.mindonium.es\/portal\/wp-content\/uploads\/2012\/11\/Bodeg\u00f3n-a-Catedral-tosta-a-catedral-y-brocheta-de-peixe-300x200.jpg\" alt=\"\" width=\"300\" height=\"200\" srcset=\"https:\/\/aviones.mindonium.es\/portal\/wp-content\/uploads\/2012\/11\/Bodeg\u00f3n-a-Catedral-tosta-a-catedral-y-brocheta-de-peixe-300x200.jpg 300w, https:\/\/aviones.mindonium.es\/portal\/wp-content\/uploads\/2012\/11\/Bodeg\u00f3n-a-Catedral-tosta-a-catedral-y-brocheta-de-peixe-400x268.jpg 400w, https:\/\/aviones.mindonium.es\/portal\/wp-content\/uploads\/2012\/11\/Bodeg\u00f3n-a-Catedral-tosta-a-catedral-y-brocheta-de-peixe.jpg 900w\" sizes=\"(max-width: 300px) 100vw, 300px\" \/><\/a><\/p>\n<p><a href=\"http:\/\/aviones.mindonium.es\/portal\/wp-content\/uploads\/2012\/11\/Bodeg%C3%B3n-a-Catedral-tosta-a-catedral-y-brocheta-de-peixe..jpg\" target=\"_blank\"><img loading=\"lazy\" decoding=\"async\" class=\"aligncenter size-medium wp-image-4109\" src=\"http:\/\/aviones.mindonium.es\/portal\/wp-content\/uploads\/2012\/11\/Bodeg\u00f3n-a-Catedral-tosta-a-catedral-y-brocheta-de-peixe.-300x200.jpg\" alt=\"\" width=\"300\" height=\"200\" srcset=\"https:\/\/aviones.mindonium.es\/portal\/wp-content\/uploads\/2012\/11\/Bodeg\u00f3n-a-Catedral-tosta-a-catedral-y-brocheta-de-peixe.-300x200.jpg 300w, https:\/\/aviones.mindonium.es\/portal\/wp-content\/uploads\/2012\/11\/Bodeg\u00f3n-a-Catedral-tosta-a-catedral-y-brocheta-de-peixe.-400x268.jpg 400w, https:\/\/aviones.mindonium.es\/portal\/wp-content\/uploads\/2012\/11\/Bodeg\u00f3n-a-Catedral-tosta-a-catedral-y-brocheta-de-peixe..jpg 900w\" sizes=\"(max-width: 300px) 100vw, 300px\" \/><\/a><\/p>\n<p><strong>Caf.Centro social , callos de porco celta y luras na s\u00faa tinta<\/strong><br \/>\n<a href=\"http:\/\/aviones.mindonium.es\/portal\/wp-content\/uploads\/2012\/11\/Caf.Centro-social-callos-de-porco-celta-y-luras-na-s%C3%BAa-tinta1.jpg\" target=\"_blank\"><img loading=\"lazy\" decoding=\"async\" class=\"aligncenter size-medium wp-image-4112\" src=\"http:\/\/aviones.mindonium.es\/portal\/wp-content\/uploads\/2012\/11\/Caf.Centro-social-callos-de-porco-celta-y-luras-na-s\u00faa-tinta1-300x200.jpg\" alt=\"\" width=\"300\" height=\"200\" srcset=\"https:\/\/aviones.mindonium.es\/portal\/wp-content\/uploads\/2012\/11\/Caf.Centro-social-callos-de-porco-celta-y-luras-na-s\u00faa-tinta1-300x200.jpg 300w, https:\/\/aviones.mindonium.es\/portal\/wp-content\/uploads\/2012\/11\/Caf.Centro-social-callos-de-porco-celta-y-luras-na-s\u00faa-tinta1-400x268.jpg 400w, https:\/\/aviones.mindonium.es\/portal\/wp-content\/uploads\/2012\/11\/Caf.Centro-social-callos-de-porco-celta-y-luras-na-s\u00faa-tinta1.jpg 900w\" sizes=\"(max-width: 300px) 100vw, 300px\" \/><\/a><\/p>\n<p><a href=\"http:\/\/www.mindonium.es\/\">Volver a inicio<\/a><br \/>\n<span style=\"color: #808080;\">mindonium.es \u201cel portal de todos los Mindonienses\u201d<\/span><br \/>\n<span style=\"color: #808080;\">Te gustar\u00eda recibir las publicaciones en tu correo?<\/span><a href=\"http:\/\/aviones.mindonium.es\/portal\/wp-login.php?action=register\"> Reg\u00edstrate<\/a><\/p>\n","protected":false},"excerpt":{"rendered":"<p>Mondo\u00f1edo vivi\u00f3 un intenso fin de semana con la VI edici\u00f3n de tapas, gran n\u00famero de Mindonienses y visitantes se<\/p>\n","protected":false},"author":1,"featured_media":0,"comment_status":"closed","ping_status":"closed","sticky":false,"template":"","format":"standard","meta":{"colormag_page_container_layout":"default_layout","colormag_page_sidebar_layout":"default_layout","_s2mail":"yes","footnotes":""},"categories":[17],"tags":[],"_links":{"self":[{"href":"https:\/\/aviones.mindonium.es\/portal\/wp-json\/wp\/v2\/posts\/4099"}],"collection":[{"href":"https:\/\/aviones.mindonium.es\/portal\/wp-json\/wp\/v2\/posts"}],"about":[{"href":"https:\/\/aviones.mindonium.es\/portal\/wp-json\/wp\/v2\/types\/post"}],"author":[{"embeddable":true,"href":"https:\/\/aviones.mindonium.es\/portal\/wp-json\/wp\/v2\/users\/1"}],"replies":[{"embeddable":true,"href":"https:\/\/aviones.mindonium.es\/portal\/wp-json\/wp\/v2\/comments?post=4099"}],"version-history":[{"count":6,"href":"https:\/\/aviones.mindonium.es\/portal\/wp-json\/wp\/v2\/posts\/4099\/revisions"}],"predecessor-version":[{"id":7178,"href":"https:\/\/aviones.mindonium.es\/portal\/wp-json\/wp\/v2\/posts\/4099\/revisions\/7178"}],"wp:attachment":[{"href":"https:\/\/aviones.mindonium.es\/portal\/wp-json\/wp\/v2\/media?parent=4099"}],"wp:term":[{"taxonomy":"category","embeddable":true,"href":"https:\/\/aviones.mindonium.es\/portal\/wp-json\/wp\/v2\/categories?post=4099"},{"taxonomy":"post_tag","embeddable":true,"href":"https:\/\/aviones.mindonium.es\/portal\/wp-json\/wp\/v2\/tags?post=4099"}],"curies":[{"name":"wp","href":"https:\/\/api.w.org\/{rel}","templated":true}]}}