{"id":4092,"date":"2012-11-18T16:47:12","date_gmt":"2012-11-18T16:47:12","guid":{"rendered":"http:\/\/aviones.mindonium.es\/portal\/?p=4092"},"modified":"2018-08-12T18:05:09","modified_gmt":"2018-08-12T18:05:09","slug":"celebracion-del-magosto-en-el-carmen","status":"publish","type":"post","link":"https:\/\/aviones.mindonium.es\/portal\/2012\/11\/18\/celebracion-del-magosto-en-el-carmen\/","title":{"rendered":"Celebraci\u00f3n del Magosto en el Carmen"},"content":{"rendered":"<p>La Asociaci\u00f3n de vecinos del Carmen de Mondo\u00f1edo ,celebr\u00f3 este pasado S\u00e1bado el\u00a0 Magosto 2012 en la antigua escuela , lugar que tienen habilitado para los eventos y las reuniones de la asociaci\u00f3n , casta\u00f1as asadas y torreznos fueron los manjares a disfrutar para pasar una noche en agradable compa\u00f1\u00eda , Aires do Padornelo fueron los encargados de ponerle ritmo al evento.<\/p>\n<p><a href=\"http:\/\/galeria.mindonium.es\/thumbnails.php?album=143\" target=\"_blank\">Ver las fotograf\u00edas<\/a><\/p>\n<p><a href=\"http:\/\/galeria.mindonium.es\/thumbnails.php?album=143\" target=\"_blank\"><img loading=\"lazy\" decoding=\"async\" class=\"aligncenter size-full wp-image-4093\" src=\"http:\/\/aviones.mindonium.es\/portal\/wp-content\/uploads\/2012\/11\/portada.jpg\" alt=\"\" width=\"170\" height=\"254\" \/><\/a><\/p>\n<p><a href=\"http:\/\/www.mindonium.es\/\">Volver a inicio<\/a><br \/>\n<span style=\"color: #808080;\">mindonium.es \u201cel portal de todos los Mindonienses\u201d<\/span><br \/>\n<span style=\"color: #808080;\">Te gustar\u00eda recibir las publicaciones en tu correo?<\/span> <a href=\"http:\/\/aviones.mindonium.es\/portal\/wp-login.php?action=register\">Reg\u00edstrate<\/a><\/p>\n","protected":false},"excerpt":{"rendered":"<p>La Asociaci\u00f3n de vecinos del Carmen de Mondo\u00f1edo ,celebr\u00f3 este pasado S\u00e1bado el\u00a0 Magosto 2012 en la antigua escuela ,<\/p>\n","protected":false},"author":1,"featured_media":0,"comment_status":"closed","ping_status":"closed","sticky":false,"template":"","format":"standard","meta":{"colormag_page_container_layout":"default_layout","colormag_page_sidebar_layout":"default_layout","_s2mail":"yes","footnotes":""},"categories":[17],"tags":[],"_links":{"self":[{"href":"https:\/\/aviones.mindonium.es\/portal\/wp-json\/wp\/v2\/posts\/4092"}],"collection":[{"href":"https:\/\/aviones.mindonium.es\/portal\/wp-json\/wp\/v2\/posts"}],"about":[{"href":"https:\/\/aviones.mindonium.es\/portal\/wp-json\/wp\/v2\/types\/post"}],"author":[{"embeddable":true,"href":"https:\/\/aviones.mindonium.es\/portal\/wp-json\/wp\/v2\/users\/1"}],"replies":[{"embeddable":true,"href":"https:\/\/aviones.mindonium.es\/portal\/wp-json\/wp\/v2\/comments?post=4092"}],"version-history":[{"count":3,"href":"https:\/\/aviones.mindonium.es\/portal\/wp-json\/wp\/v2\/posts\/4092\/revisions"}],"predecessor-version":[{"id":4096,"href":"https:\/\/aviones.mindonium.es\/portal\/wp-json\/wp\/v2\/posts\/4092\/revisions\/4096"}],"wp:attachment":[{"href":"https:\/\/aviones.mindonium.es\/portal\/wp-json\/wp\/v2\/media?parent=4092"}],"wp:term":[{"taxonomy":"category","embeddable":true,"href":"https:\/\/aviones.mindonium.es\/portal\/wp-json\/wp\/v2\/categories?post=4092"},{"taxonomy":"post_tag","embeddable":true,"href":"https:\/\/aviones.mindonium.es\/portal\/wp-json\/wp\/v2\/tags?post=4092"}],"curies":[{"name":"wp","href":"https:\/\/api.w.org\/{rel}","templated":true}]}}