{"id":4071,"date":"2012-11-14T02:40:56","date_gmt":"2012-11-14T02:40:56","guid":{"rendered":"http:\/\/aviones.mindonium.es\/portal\/?p=4071"},"modified":"2018-08-12T18:05:09","modified_gmt":"2018-08-12T18:05:09","slug":"morreu-o-semaforo-de-mondonedo","status":"publish","type":"post","link":"https:\/\/aviones.mindonium.es\/portal\/2012\/11\/14\/morreu-o-semaforo-de-mondonedo\/","title":{"rendered":"Morreu o sem\u00e1foro de Mondo\u00f1edo"},"content":{"rendered":"<p>Xos\u00e9 Ruiz Leivas<br \/>\nPolo visto segundo nos contan os xornalistas Enric Gonzalez e Fru\u00edme no xornal El Porgreso dos d\u00edas 6 e 8 deste mes nos artigos titulados \u201cEl sem\u00e1foro de Mondo\u00f1edo\u201d e \u201cBueno para Mondo\u00f1edo\u201d que \u201c&#8230; para el buen funcionamiento del sem\u00e1foro de Mondo\u00f1edo lo mejor que pudo suceder fue la victoria de Obama&#8230;\u201d<br \/>\nA verdade \u00e9 que \u00e9ncheme de ledicia sabelo pois ademais de demostrar o que os se\u00f1ores xornalista aseveran, que xa non somos alleos a canto pase no mundo, ademais digo, vexo que sit\u00faan nel a meu Mondo\u00f1edo. Graci\u00f1as.<br \/>\nPero t\u00e9\u00f1olles que dicir con tristura que o sem\u00e1foro de Mondo\u00f1edo morreu. Pero como vostedes din .\u201d.hicimos propio el aliento de la esperanza..\u201d e esperamos que rexurda para non levar-lle a contraria a ningu\u00e9n. E para aqueles que non co\u00f1ezan \u00f3 noso famoso sem\u00e1foro, c\u00f3ntolles a s\u00faa pequena historia.<br \/>\nEn Mondo\u00f1edo ti\u00f1amos un sem\u00e1foro que todos admirabamos porque tal posesi\u00f3n parec\u00eda que nos achegaba a vida moderna, e se non fora que xa hai longos anos que estamos moi metidos no futuro (todos temos m\u00f3bil) case que nos parec\u00eda un s\u00edmbolo de modernidade, pero un d\u00eda morreu.<br \/>\nBen, a verdade \u00e9 que eran tres sem\u00e1foros, un para os que \u00edan, outro para os que vi\u00f1an, e outro para os que baixaban, pero fac\u00edan o mesmo traballo, defender \u00f3s nenos do colexio cando ti\u00f1an que atravesar a r\u00faa.<br \/>\nE que conste que o seu traballo fixo ben pois a Deus gracias non houbo nunca ning\u00fan atropelo debido a s\u00faa vixilancia.<br \/>\nCando viv\u00eda daba gusto achegarse a el, \u00edas conducindo o teu veh\u00edculo, e nada mais verte con aquel ollo verde que ti\u00f1a e como sospeitase que te mov\u00edas moi veloz, ent\u00f3n d\u00e1balle un arrep\u00edo e cambiaba de humor po\u00f1\u00e9ndose amarelo primeiro e despois vermello.<br \/>\nE ti para tranquilizalo, par\u00e1baste cabo del. Daba xenio miralo dende o coche, era alto, delgado, ca pel verde e na cabeza tres ollos grandes coma pratos, (cada un de seu pai pola color) as\u00ed con eles pudia vixiar canto quer\u00eda  e a bofe que o fac\u00eda.<br \/>\nAdemais comprobouse estatisticamente que nunca lle mal contestou a ning\u00fan condutor alporizado por ter que parar cabo del. Fix\u00e1devos que a pel verde que ti\u00f1a non era de casualidade, as veces po\u00f1\u00edano verde das cousa que lle dic\u00edan e tantas foron que xa se quedou as\u00ed para sempre, e como era unha cor moi ecol\u00f3xica pois el aceptouno sen dicir nada.<br \/>\nPero chegaron malos tempos para a econom\u00eda e o traballo do Concello e primeiro foi un ERE no que lle tocou a el e despois foi o mais triste. Un d\u00eda deste outono cort\u00e1ronlle a corrente e morreu ante o asombro de moitos, pero nin sequera lle puxeron unha necrol\u00f3xica no xornal a pesares dos traballos feitos pola comunidade. QEPD.<br \/>\nAgora que ga\u00f1ou Obama a\u00ednda temos esperanza de que calquera d\u00eda lle chegue unha corrente  que lle de a vida.<br \/>\n<strong>Fdo:<\/strong> Xos\u00e9 Ruiz Leivas<\/p>\n<p><a href=\"http:\/\/www.mindonium.es\/\">Volver a inicio<\/a><br \/>\n<span style=\"color: #808080;\">mindonium.es \u201cel portal de todos los Mindonienses\u201d<\/span><br \/>\n<span style=\"color: #808080;\">Te gustar\u00eda recibir las publicaciones en tu correo ?<\/span> <a href=\"http:\/\/aviones.mindonium.es\/portal\/wp-login.php?action=register\">reg\u00edstrate<\/a><\/p>\n","protected":false},"excerpt":{"rendered":"<p>Xos\u00e9 Ruiz Leivas Polo visto segundo nos contan os xornalistas Enric Gonzalez e Fru\u00edme no xornal El Porgreso dos d\u00edas<\/p>\n","protected":false},"author":1,"featured_media":0,"comment_status":"closed","ping_status":"closed","sticky":false,"template":"","format":"standard","meta":{"colormag_page_container_layout":"default_layout","colormag_page_sidebar_layout":"default_layout","_s2mail":"yes","footnotes":""},"categories":[47],"tags":[],"_links":{"self":[{"href":"https:\/\/aviones.mindonium.es\/portal\/wp-json\/wp\/v2\/posts\/4071"}],"collection":[{"href":"https:\/\/aviones.mindonium.es\/portal\/wp-json\/wp\/v2\/posts"}],"about":[{"href":"https:\/\/aviones.mindonium.es\/portal\/wp-json\/wp\/v2\/types\/post"}],"author":[{"embeddable":true,"href":"https:\/\/aviones.mindonium.es\/portal\/wp-json\/wp\/v2\/users\/1"}],"replies":[{"embeddable":true,"href":"https:\/\/aviones.mindonium.es\/portal\/wp-json\/wp\/v2\/comments?post=4071"}],"version-history":[{"count":5,"href":"https:\/\/aviones.mindonium.es\/portal\/wp-json\/wp\/v2\/posts\/4071\/revisions"}],"predecessor-version":[{"id":4076,"href":"https:\/\/aviones.mindonium.es\/portal\/wp-json\/wp\/v2\/posts\/4071\/revisions\/4076"}],"wp:attachment":[{"href":"https:\/\/aviones.mindonium.es\/portal\/wp-json\/wp\/v2\/media?parent=4071"}],"wp:term":[{"taxonomy":"category","embeddable":true,"href":"https:\/\/aviones.mindonium.es\/portal\/wp-json\/wp\/v2\/categories?post=4071"},{"taxonomy":"post_tag","embeddable":true,"href":"https:\/\/aviones.mindonium.es\/portal\/wp-json\/wp\/v2\/tags?post=4071"}],"curies":[{"name":"wp","href":"https:\/\/api.w.org\/{rel}","templated":true}]}}