{"id":3863,"date":"2012-09-23T22:47:34","date_gmt":"2012-09-23T22:47:34","guid":{"rendered":"http:\/\/aviones.mindonium.es\/portal\/?p=3863"},"modified":"2018-08-12T18:05:10","modified_gmt":"2018-08-12T18:05:10","slug":"fotografias-feria-de-oportunidades","status":"publish","type":"post","link":"https:\/\/aviones.mindonium.es\/portal\/2012\/09\/23\/fotografias-feria-de-oportunidades\/","title":{"rendered":"Fotograf\u00edas feria de oportunidades"},"content":{"rendered":"<p>La asociaci\u00f3n de comerciantes de Mondo\u00f1edo, organizo este fin de semana la \u201cFeria de oportunidades \u201cen colaboraci\u00f3n con el Ayuntamiento de Mondo\u00f1edo.<\/p>\n<p>Los visitantes pudieron encontrar todo tipo de tiendas y productos as\u00ed como un espacio para los ni\u00f1os donde pudieron divertirse mientras los padres visitaban los m\u00e1s de 30 puestos que se dieron cita en\u00a0 el pabell\u00f3n de Mondo\u00f1edo.<\/p>\n<p><a href=\"http:\/\/galeria.mindonium.es\/thumbnails.php?album=141\" target=\"_blank\">Ver fotograf\u00edas<\/a><\/p>\n<p><a href=\"http:\/\/galeria.mindonium.es\/thumbnails.php?album=141\" target=\"_blank\"><img loading=\"lazy\" decoding=\"async\" class=\"aligncenter size-full wp-image-3865\" src=\"http:\/\/aviones.mindonium.es\/portal\/wp-content\/uploads\/2012\/09\/1-9-web.jpg\" alt=\"\" width=\"300\" height=\"201\" \/><\/a><\/p>\n<p>&nbsp;<\/p>\n<p><a href=\"http:\/\/www.mindonium.es\/\">Volver a inicio<\/a><br \/>\n<span style=\"color: #808080;\">mindonium.es \u201cel portal de todos los Mindonienses\u201d<\/span><br \/>\n<span style=\"color: #808080;\">Te gustar\u00eda recibir las publicaciones en tu correo?<\/span><a href=\"http:\/\/aviones.mindonium.es\/portal\/wp-login.php?action=register\"> Reg\u00edstrate<\/a><\/p>\n","protected":false},"excerpt":{"rendered":"<p>La asociaci\u00f3n de comerciantes de Mondo\u00f1edo, organizo este fin de semana la \u201cFeria de oportunidades \u201cen colaboraci\u00f3n con el Ayuntamiento<\/p>\n","protected":false},"author":1,"featured_media":0,"comment_status":"closed","ping_status":"closed","sticky":false,"template":"","format":"standard","meta":{"colormag_page_container_layout":"default_layout","colormag_page_sidebar_layout":"default_layout","_s2mail":"","footnotes":""},"categories":[17],"tags":[],"_links":{"self":[{"href":"https:\/\/aviones.mindonium.es\/portal\/wp-json\/wp\/v2\/posts\/3863"}],"collection":[{"href":"https:\/\/aviones.mindonium.es\/portal\/wp-json\/wp\/v2\/posts"}],"about":[{"href":"https:\/\/aviones.mindonium.es\/portal\/wp-json\/wp\/v2\/types\/post"}],"author":[{"embeddable":true,"href":"https:\/\/aviones.mindonium.es\/portal\/wp-json\/wp\/v2\/users\/1"}],"replies":[{"embeddable":true,"href":"https:\/\/aviones.mindonium.es\/portal\/wp-json\/wp\/v2\/comments?post=3863"}],"version-history":[{"count":3,"href":"https:\/\/aviones.mindonium.es\/portal\/wp-json\/wp\/v2\/posts\/3863\/revisions"}],"predecessor-version":[{"id":3867,"href":"https:\/\/aviones.mindonium.es\/portal\/wp-json\/wp\/v2\/posts\/3863\/revisions\/3867"}],"wp:attachment":[{"href":"https:\/\/aviones.mindonium.es\/portal\/wp-json\/wp\/v2\/media?parent=3863"}],"wp:term":[{"taxonomy":"category","embeddable":true,"href":"https:\/\/aviones.mindonium.es\/portal\/wp-json\/wp\/v2\/categories?post=3863"},{"taxonomy":"post_tag","embeddable":true,"href":"https:\/\/aviones.mindonium.es\/portal\/wp-json\/wp\/v2\/tags?post=3863"}],"curies":[{"name":"wp","href":"https:\/\/api.w.org\/{rel}","templated":true}]}}