{"id":3859,"date":"2012-09-18T13:00:46","date_gmt":"2012-09-18T13:00:46","guid":{"rendered":"http:\/\/aviones.mindonium.es\/portal\/?p=3859"},"modified":"2018-08-12T18:05:10","modified_gmt":"2018-08-12T18:05:10","slug":"a-cadeira-de-rodas","status":"publish","type":"post","link":"https:\/\/aviones.mindonium.es\/portal\/2012\/09\/18\/a-cadeira-de-rodas\/","title":{"rendered":"A cadeira de rodas"},"content":{"rendered":"<p>Meu amigo Manolo\u00a0 anda mal dos cadr\u00eds por mor dunha\u00a0 artrite ou reuma ou calquera cousa de vellos \u2013 s\u00f3 os m\u00e9dicos o saben- que non lle deixa cami\u00f1ar como quer\u00eda e mentres durou o tratamento que lle puxo o doutor, recomendoulle que non cami\u00f1ase moito ou mellor a\u00ednda, qu\u00e9 usase unha cadeira de rodas para descansalo\u00a0 corpo e que as\u00ed lle chegase mais axi\u00f1a a sa\u00fade.<\/p>\n<p>Pero meu amigo Manolo, entre outras cousas,\u00a0 tam\u00e9n ten un fillo\u00a0 que \u00e9 ben querenzoso con seu pai, e non pod\u00eda velo sentado naquela cadeira de rodas. Parec\u00edalle que aquelo era a premonici\u00f3n do fin, que cando un home deixa de andar de p\u00e9 xa esta medio afastado da vida e iso non o quer\u00eda para seu pai, as\u00ed que cando o chamaron para que lle empurrase \u00e1 cadeira con seu pai sentado nela por toda a vila o d\u00eda de mercado, negouse rotundamente, el non pasar\u00eda pola vergo\u00f1a de amosar a seu pai subido a un aparello que ensinaba a todos a decadencia f\u00edsica de seu pai. Non se\u00f1or, seu pai ti\u00f1a que estar como sempre o lembrou dende cativo, forte e cheo de vida, polo que el non\u00a0 estaba de acordo co da cadeira e prop\u00faxolle que cami\u00f1ase como un home que sempre foi, erguido, para que os demais o viran como se estivese cheo de vida.<\/p>\n<p>Meu amigo Manolo entendeu \u00f3 seu fillo;\u00a0 Ben seguro que a verdade era que se sent\u00eda avergo\u00f1ado da s\u00faa vellez. O feito de exhibir a seu pai en cadeira de rodas era vergo\u00f1ento \u00a0para o rapaz e prefer\u00eda velo cami\u00f1ar sen importarlle a dor de cadr\u00eds de seu pai a pasar o rid\u00edculo de ter que puxar costa arriba a cadeira diante de t\u00f3dolos seus amigos e co\u00f1ecidos.<\/p>\n<p>Polo mesmo, meu amigo Manolo aquel domingo non foi o mercado, quedouse na casa remexendo entre os papeis e fotos antigas ata que atopou catro que gardou ata a hora do xantar. Xa todos \u00f3 redor da mesa e mentres que esperaban a comida sacou do peto as catro fotos e sen dicir nada amosoullas a seu fillo. Mirounas este, e quedouse sorprendido, e cando volveu a mirada a seu pai este s\u00f3 lle dixo:<\/p>\n<p>.- A min nunca me deu vergo\u00f1a de pasearte, o contrario sempre foi unha ledicia facelo.<\/p>\n<p>As catro fotos eran as\u00ed: A primeira estaba Manolo sorrindo feliz abaneando un berce no que se v\u00eda un neno (que era o fillo de Manolo), na segunda foto, Manolo estaba nun xard\u00edn da vila puxando un cocheci\u00f1o de neno no que transportaba a seu fillo, na terceira Manolo coas mans postas nos ombreiros dun picari\u00f1o, como puxando ou suxeitando para que non caese, era seu fillo montado nun triciclo e el puxando, a as\u00ed na cuarta aparec\u00eda seu fillo feito un mocete subido a unha bicicleta e Manolo o seu lado ensinando nas mans as rodi\u00f1as pequenas da bici. Foi cando Manoli\u00f1o botara a andar na bici sen axuda nin de rodi\u00f1as pequenas nin de seu pai.<\/p>\n<p>O rapaz antes de comer deulle unha gran aperta a seu pai sen dicir nada e a \u00fanica que non entendeu todo aquelo foi a mai do rapaz e muller de Manolo.<\/p>\n<p><strong>Fdo: <\/strong>Xos\u00e9 Ruiz Leivas<\/p>\n<p><a href=\"http:\/\/www.mindonium.es\/\">Volver a inicio<\/a><br \/>\n<span style=\"color: #808080;\">mindonium.es \u201cel portal de todos los Mindonienses\u201d<\/span><br \/>\n<span style=\"color: #808080;\">Te gustar\u00eda recibir las publicaciones en tu correo ?<\/span><a href=\"http:\/\/aviones.mindonium.es\/portal\/wp-login.php?action=register\"> reg\u00edstrate<\/a><\/p>\n","protected":false},"excerpt":{"rendered":"<p>Meu amigo Manolo\u00a0 anda mal dos cadr\u00eds por mor dunha\u00a0 artrite ou reuma ou calquera cousa de vellos \u2013 s\u00f3<\/p>\n","protected":false},"author":1,"featured_media":0,"comment_status":"closed","ping_status":"closed","sticky":false,"template":"","format":"standard","meta":{"colormag_page_container_layout":"default_layout","colormag_page_sidebar_layout":"default_layout","_s2mail":"","footnotes":""},"categories":[47],"tags":[],"_links":{"self":[{"href":"https:\/\/aviones.mindonium.es\/portal\/wp-json\/wp\/v2\/posts\/3859"}],"collection":[{"href":"https:\/\/aviones.mindonium.es\/portal\/wp-json\/wp\/v2\/posts"}],"about":[{"href":"https:\/\/aviones.mindonium.es\/portal\/wp-json\/wp\/v2\/types\/post"}],"author":[{"embeddable":true,"href":"https:\/\/aviones.mindonium.es\/portal\/wp-json\/wp\/v2\/users\/1"}],"replies":[{"embeddable":true,"href":"https:\/\/aviones.mindonium.es\/portal\/wp-json\/wp\/v2\/comments?post=3859"}],"version-history":[{"count":5,"href":"https:\/\/aviones.mindonium.es\/portal\/wp-json\/wp\/v2\/posts\/3859\/revisions"}],"predecessor-version":[{"id":4001,"href":"https:\/\/aviones.mindonium.es\/portal\/wp-json\/wp\/v2\/posts\/3859\/revisions\/4001"}],"wp:attachment":[{"href":"https:\/\/aviones.mindonium.es\/portal\/wp-json\/wp\/v2\/media?parent=3859"}],"wp:term":[{"taxonomy":"category","embeddable":true,"href":"https:\/\/aviones.mindonium.es\/portal\/wp-json\/wp\/v2\/categories?post=3859"},{"taxonomy":"post_tag","embeddable":true,"href":"https:\/\/aviones.mindonium.es\/portal\/wp-json\/wp\/v2\/tags?post=3859"}],"curies":[{"name":"wp","href":"https:\/\/api.w.org\/{rel}","templated":true}]}}