{"id":3851,"date":"2012-09-18T12:48:54","date_gmt":"2012-09-18T12:48:54","guid":{"rendered":"http:\/\/aviones.mindonium.es\/portal\/?p=3851"},"modified":"2018-08-12T18:05:10","modified_gmt":"2018-08-12T18:05:10","slug":"la-prensa-en-mondonedo","status":"publish","type":"post","link":"https:\/\/aviones.mindonium.es\/portal\/2012\/09\/18\/la-prensa-en-mondonedo\/","title":{"rendered":"La prensa en Mondo\u00f1edo"},"content":{"rendered":"<p>Dan fe de la antig\u00fcedad de la imprenta en Mondo\u00f1edo el incunable que lleva como procedencia la Villa Mayor de Mondo\u00f1edo que escribe Alfonso de Madrigal en 1495 y el trabajo del impresor Agust\u00edn de Paz en 1550, dos hitos que colocan a Mondo\u00f1edo entre las primeras ciudades gallegas con imprenta. La creaci\u00f3n del Seminario, el tercero en Espa\u00f1a supone una fuente del saber que prepara hombres preocupados por la cultura, y as\u00ed la creaci\u00f3n de peri\u00f3dicos es una constante desde que el 3 de mayo de 1856 se crea el primer Bolet\u00edn Eclesi\u00e1stico del Obispado de Mondo\u00f1edo y que todav\u00eda hoy continua su publicaci\u00f3n pero ya desde Ferrol.<\/p>\n<p>Son m\u00e1s de treinta cabeceras de prensa las que se editan en Mondo\u00f1edo desde que el Hermandino el 6 de junio de 1882 abre el camino a la prensa de informaci\u00f3n general aunque como siempre las tendencias pol\u00edticas o religiosas marcasen los contenidos de estos peri\u00f3dicos. En esta exposici\u00f3n no esta todo lo publicado como prensa pero si una digna representaci\u00f3n de todas la cabeceras publicadas en nuestra ciudad. Desde la Asociaci\u00f3n de Amigos de Mondo\u00f1edo deseamos les agrade esta interesante exposici\u00f3n que nos ofrece el Bar &#8220;O Porrino&#8221;<\/p>\n<p><a href=\"http:\/\/aviones.mindonium.es\/portal\/wp-content\/uploads\/2012\/09\/Cartel-pagina.jpg\" target=\"_blank\"><img loading=\"lazy\" decoding=\"async\" class=\"aligncenter size-medium wp-image-3856\" src=\"http:\/\/aviones.mindonium.es\/portal\/wp-content\/uploads\/2012\/09\/Cartel-pagina-204x300.jpg\" alt=\"\" width=\"204\" height=\"300\" srcset=\"https:\/\/aviones.mindonium.es\/portal\/wp-content\/uploads\/2012\/09\/Cartel-pagina-204x300.jpg 204w, https:\/\/aviones.mindonium.es\/portal\/wp-content\/uploads\/2012\/09\/Cartel-pagina-400x586.jpg 400w, https:\/\/aviones.mindonium.es\/portal\/wp-content\/uploads\/2012\/09\/Cartel-pagina.jpg 677w\" sizes=\"(max-width: 204px) 100vw, 204px\" \/><\/a><\/p>\n<p><strong>Fdo: <\/strong>Xos\u00e9 Ruiz Leivas<\/p>\n<p><a href=\"http:\/\/www.mindonium.es\/\">Volver a inicio<\/a><br \/>\n<span style=\"color: #808080;\">mindonium.es \u201cel portal de todos los Mindonienses\u201d<\/span><br \/>\n<span style=\"color: #808080;\">Te gustar\u00eda recibir las publicaciones en tu correo ?<\/span><a href=\"http:\/\/aviones.mindonium.es\/portal\/wp-login.php?action=register\"> reg\u00edstrate<\/a><\/p>\n","protected":false},"excerpt":{"rendered":"<p>Dan fe de la antig\u00fcedad de la imprenta en Mondo\u00f1edo el incunable que lleva como procedencia la Villa Mayor de<\/p>\n","protected":false},"author":1,"featured_media":0,"comment_status":"closed","ping_status":"closed","sticky":false,"template":"","format":"standard","meta":{"colormag_page_container_layout":"default_layout","colormag_page_sidebar_layout":"default_layout","_s2mail":"","footnotes":""},"categories":[47],"tags":[],"_links":{"self":[{"href":"https:\/\/aviones.mindonium.es\/portal\/wp-json\/wp\/v2\/posts\/3851"}],"collection":[{"href":"https:\/\/aviones.mindonium.es\/portal\/wp-json\/wp\/v2\/posts"}],"about":[{"href":"https:\/\/aviones.mindonium.es\/portal\/wp-json\/wp\/v2\/types\/post"}],"author":[{"embeddable":true,"href":"https:\/\/aviones.mindonium.es\/portal\/wp-json\/wp\/v2\/users\/1"}],"replies":[{"embeddable":true,"href":"https:\/\/aviones.mindonium.es\/portal\/wp-json\/wp\/v2\/comments?post=3851"}],"version-history":[{"count":6,"href":"https:\/\/aviones.mindonium.es\/portal\/wp-json\/wp\/v2\/posts\/3851\/revisions"}],"predecessor-version":[{"id":7185,"href":"https:\/\/aviones.mindonium.es\/portal\/wp-json\/wp\/v2\/posts\/3851\/revisions\/7185"}],"wp:attachment":[{"href":"https:\/\/aviones.mindonium.es\/portal\/wp-json\/wp\/v2\/media?parent=3851"}],"wp:term":[{"taxonomy":"category","embeddable":true,"href":"https:\/\/aviones.mindonium.es\/portal\/wp-json\/wp\/v2\/categories?post=3851"},{"taxonomy":"post_tag","embeddable":true,"href":"https:\/\/aviones.mindonium.es\/portal\/wp-json\/wp\/v2\/tags?post=3851"}],"curies":[{"name":"wp","href":"https:\/\/api.w.org\/{rel}","templated":true}]}}