{"id":3812,"date":"2012-09-04T11:48:22","date_gmt":"2012-09-04T11:48:22","guid":{"rendered":"http:\/\/aviones.mindonium.es\/portal\/?p=3812"},"modified":"2018-08-12T18:05:11","modified_gmt":"2018-08-12T18:05:11","slug":"iii-rali-de-clasicos-cidade-de-mondonedo","status":"publish","type":"post","link":"https:\/\/aviones.mindonium.es\/portal\/2012\/09\/04\/iii-rali-de-clasicos-cidade-de-mondonedo\/","title":{"rendered":"III Rali de Cl\u00e1sicos Cidade de Mondo\u00f1edo"},"content":{"rendered":"<p>Un a\u00f1o m\u00e1s y coincidiendo con la festividad de Nuestra Se\u00f1ora de los Remedios tendr\u00e1 lugar el &#8220;III Rali de Cl\u00e1sicos Cidade de Mondo\u00f1edo&#8221;<\/p>\n<p>A las 10.00 h inicio de las inscripciones y entrega de los dorsales participantes, a las 11.00 h inicio del rali de regularidad por Mondo\u00f1edo y alrededores.<\/p>\n<p>A las 14.00 h ruta baritima , a las 15.00 h comida en la Casa Da Penela , a las 17.00 inicio de la yincana para coches y motos en la plaza de la Catedral.<\/p>\n<p>Al finalizar la yincana tendr\u00e1 lugar la entrega de premios y regalos a los participantes.<\/p>\n<p>A partir de las 16.00 habr\u00e1 juegos para los m\u00e1s peque\u00f1os de la casa a cargo del grupo de animaci\u00f3n Puzzle.<\/p>\n<p>Si tienes un coche o moto con 25 a\u00f1os o m\u00e1s animaros a participar&#8230; Lo pasar\u00e9is en grande!!!<\/p>\n<p>Organiza: Asoc.de Cl\u00e1sicos Mindonienses Mira e anda<\/p>\n<p>Colaboran: A.C.I.A de Mondo\u00f1edo, Ayuntamiento de Mondo\u00f1edo y Asoc cultural Os Zoelas de Castro.<\/p>\n<p>Clica en el cartel para verlo a tama\u00f1o completo.<\/p>\n<p><a href=\"http:\/\/aviones.mindonium.es\/portal\/wp-content\/uploads\/2012\/09\/cartel-clasicos-2012-paxina.jpg\" target=\"_blank\"><img loading=\"lazy\" decoding=\"async\" class=\"aligncenter size-medium wp-image-3813\" src=\"http:\/\/aviones.mindonium.es\/portal\/wp-content\/uploads\/2012\/09\/cartel-clasicos-2012-paxina-214x300.jpg\" alt=\"\" width=\"214\" height=\"300\" srcset=\"https:\/\/aviones.mindonium.es\/portal\/wp-content\/uploads\/2012\/09\/cartel-clasicos-2012-paxina-214x300.jpg 214w, https:\/\/aviones.mindonium.es\/portal\/wp-content\/uploads\/2012\/09\/cartel-clasicos-2012-paxina-400x560.jpg 400w, https:\/\/aviones.mindonium.es\/portal\/wp-content\/uploads\/2012\/09\/cartel-clasicos-2012-paxina.jpg 714w\" sizes=\"(max-width: 214px) 100vw, 214px\" \/><\/a><\/p>\n<p><a href=\"http:\/\/www.mindonium.es\/\">Volver a inicio<\/a><br \/>\n<span style=\"color: #808080;\">mindonium.es \u201cel portal de todos los Mindonienses\u201d<\/span><br \/>\n<span style=\"color: #808080;\">Te gustar\u00eda recibir las publicaciones en tu correo ?<\/span><a href=\"http:\/\/aviones.mindonium.es\/portal\/wp-login.php?action=register\"> reg\u00edstrate<\/a><\/p>\n","protected":false},"excerpt":{"rendered":"<p>Un a\u00f1o m\u00e1s y coincidiendo con la festividad de Nuestra Se\u00f1ora de los Remedios tendr\u00e1 lugar el &#8220;III Rali de<\/p>\n","protected":false},"author":1,"featured_media":0,"comment_status":"closed","ping_status":"closed","sticky":false,"template":"","format":"standard","meta":{"colormag_page_container_layout":"default_layout","colormag_page_sidebar_layout":"default_layout","_s2mail":"","footnotes":""},"categories":[17],"tags":[],"_links":{"self":[{"href":"https:\/\/aviones.mindonium.es\/portal\/wp-json\/wp\/v2\/posts\/3812"}],"collection":[{"href":"https:\/\/aviones.mindonium.es\/portal\/wp-json\/wp\/v2\/posts"}],"about":[{"href":"https:\/\/aviones.mindonium.es\/portal\/wp-json\/wp\/v2\/types\/post"}],"author":[{"embeddable":true,"href":"https:\/\/aviones.mindonium.es\/portal\/wp-json\/wp\/v2\/users\/1"}],"replies":[{"embeddable":true,"href":"https:\/\/aviones.mindonium.es\/portal\/wp-json\/wp\/v2\/comments?post=3812"}],"version-history":[{"count":4,"href":"https:\/\/aviones.mindonium.es\/portal\/wp-json\/wp\/v2\/posts\/3812\/revisions"}],"predecessor-version":[{"id":3817,"href":"https:\/\/aviones.mindonium.es\/portal\/wp-json\/wp\/v2\/posts\/3812\/revisions\/3817"}],"wp:attachment":[{"href":"https:\/\/aviones.mindonium.es\/portal\/wp-json\/wp\/v2\/media?parent=3812"}],"wp:term":[{"taxonomy":"category","embeddable":true,"href":"https:\/\/aviones.mindonium.es\/portal\/wp-json\/wp\/v2\/categories?post=3812"},{"taxonomy":"post_tag","embeddable":true,"href":"https:\/\/aviones.mindonium.es\/portal\/wp-json\/wp\/v2\/tags?post=3812"}],"curies":[{"name":"wp","href":"https:\/\/api.w.org\/{rel}","templated":true}]}}