{"id":3786,"date":"2012-08-31T18:24:21","date_gmt":"2012-08-31T18:24:21","guid":{"rendered":"http:\/\/aviones.mindonium.es\/portal\/?p=3786"},"modified":"2018-08-12T18:05:11","modified_gmt":"2018-08-12T18:05:11","slug":"cartel-remedios-2012","status":"publish","type":"post","link":"https:\/\/aviones.mindonium.es\/portal\/2012\/08\/31\/cartel-remedios-2012\/","title":{"rendered":"Cartel Remedios 2012"},"content":{"rendered":"<p>Ya tenemos disponible el cartel de las fiestas de los Remedios 2012, que duraran desde el 8 hasta el 10 de Septiembre.<\/p>\n<p>El III rally de cl\u00e1sicos \u201ccidade de Mondo\u00f1edo\u201d el II concurso de cantos \u00a0de taberna, todo esto y m\u00e1s junto con las mejores orquestas, m\u00e1s que suficiente para pasar un buen fin de semana en Mondo\u00f1edo.<\/p>\n<p>Clica en la imagen para ver el cartel a tama\u00f1o completo.<\/p>\n<p><a href=\"http:\/\/aviones.mindonium.es\/portal\/wp-content\/uploads\/2012\/08\/CARTEL-REMEDIOS-2012-paxina.jpg\" target=\"_blank\"><img loading=\"lazy\" decoding=\"async\" class=\"aligncenter size-medium wp-image-3787\" src=\"http:\/\/aviones.mindonium.es\/portal\/wp-content\/uploads\/2012\/08\/CARTEL-REMEDIOS-2012-paxina-195x300.jpg\" alt=\"\" width=\"195\" height=\"300\" srcset=\"https:\/\/aviones.mindonium.es\/portal\/wp-content\/uploads\/2012\/08\/CARTEL-REMEDIOS-2012-paxina-195x300.jpg 195w, https:\/\/aviones.mindonium.es\/portal\/wp-content\/uploads\/2012\/08\/CARTEL-REMEDIOS-2012-paxina-400x613.jpg 400w, https:\/\/aviones.mindonium.es\/portal\/wp-content\/uploads\/2012\/08\/CARTEL-REMEDIOS-2012-paxina.jpg 652w\" sizes=\"(max-width: 195px) 100vw, 195px\" \/><\/a><\/p>\n<p><a href=\"http:\/\/www.mindonium.es\/\">Volver a inicio<\/a><br \/>\n<span style=\"color: #808080;\">mindonium.es \u201cel portal de todos los Mindonienses\u201d<\/span><br \/>\n<span style=\"color: #808080;\">Te gustar\u00eda recibir las publicaciones en tu correo ?<\/span><a href=\"http:\/\/aviones.mindonium.es\/portal\/wp-login.php?action=register\"> reg\u00edstrate<\/a><\/p>\n","protected":false},"excerpt":{"rendered":"<p>Ya tenemos disponible el cartel de las fiestas de los Remedios 2012, que duraran desde el 8 hasta el 10<\/p>\n","protected":false},"author":1,"featured_media":0,"comment_status":"closed","ping_status":"closed","sticky":false,"template":"","format":"standard","meta":{"colormag_page_container_layout":"default_layout","colormag_page_sidebar_layout":"default_layout","_s2mail":"","footnotes":""},"categories":[17],"tags":[],"_links":{"self":[{"href":"https:\/\/aviones.mindonium.es\/portal\/wp-json\/wp\/v2\/posts\/3786"}],"collection":[{"href":"https:\/\/aviones.mindonium.es\/portal\/wp-json\/wp\/v2\/posts"}],"about":[{"href":"https:\/\/aviones.mindonium.es\/portal\/wp-json\/wp\/v2\/types\/post"}],"author":[{"embeddable":true,"href":"https:\/\/aviones.mindonium.es\/portal\/wp-json\/wp\/v2\/users\/1"}],"replies":[{"embeddable":true,"href":"https:\/\/aviones.mindonium.es\/portal\/wp-json\/wp\/v2\/comments?post=3786"}],"version-history":[{"count":7,"href":"https:\/\/aviones.mindonium.es\/portal\/wp-json\/wp\/v2\/posts\/3786\/revisions"}],"predecessor-version":[{"id":7186,"href":"https:\/\/aviones.mindonium.es\/portal\/wp-json\/wp\/v2\/posts\/3786\/revisions\/7186"}],"wp:attachment":[{"href":"https:\/\/aviones.mindonium.es\/portal\/wp-json\/wp\/v2\/media?parent=3786"}],"wp:term":[{"taxonomy":"category","embeddable":true,"href":"https:\/\/aviones.mindonium.es\/portal\/wp-json\/wp\/v2\/categories?post=3786"},{"taxonomy":"post_tag","embeddable":true,"href":"https:\/\/aviones.mindonium.es\/portal\/wp-json\/wp\/v2\/tags?post=3786"}],"curies":[{"name":"wp","href":"https:\/\/api.w.org\/{rel}","templated":true}]}}