{"id":3781,"date":"2012-08-29T13:41:40","date_gmt":"2012-08-29T13:41:40","guid":{"rendered":"http:\/\/aviones.mindonium.es\/portal\/?p=3781"},"modified":"2018-08-12T18:05:11","modified_gmt":"2018-08-12T18:05:11","slug":"excursion-de-la-asociacion-abrindo-camino","status":"publish","type":"post","link":"https:\/\/aviones.mindonium.es\/portal\/2012\/08\/29\/excursion-de-la-asociacion-abrindo-camino\/","title":{"rendered":"Excursi\u00f3n de la asociaci\u00f3n \u201cAbrindo Cami\u00f1o \u201c"},"content":{"rendered":"<p>Los d\u00edas 15 y 16 de septiembre un centenar de personas de la Asociaci\u00f3n \u201cPulcra Leonina\u201d de Le\u00f3n acompa\u00f1ados de miembros de la Asociaci\u00f3n \u201cAbrindo Cami\u00f1o\u201d de Mondo\u00f1edo, recorrer\u00e1n la Variante Mar\u00edtima del Camino Norte de Santiago, dentro del programa de la Peregrinaci\u00f3n por etapas que est\u00e1n realizando a Compostela.<\/p>\n<p>El s\u00e1bado 15 el tramo a recorrer a pi\u00e9 ser\u00e1 desde la playa de &#8220;As Catedrais&#8221; de Ribadeo, continuando por el litoral de Barreiros hasta la Bas\u00edlica de San Marti\u00f1o(Foz)\u00a0 con visita guiada incluida a la misma.<\/p>\n<p>EL domingo 16 la ruta partir\u00e1 desde San Marti\u00f1o por A Hermida , Oir\u00e1n y Masma hasta el Area Recreativa de A Fervenza de Viloalle \u2013 Mondo\u00f1edo, donde se celebrar\u00e1 una comida campestre y juegos populares.<\/p>\n<p>Las personas interesadas en participar\u00a0 pueden inscribirse llamando al tel\u00e9fono 639072769. Antes del 12 de septiembre.<\/p>\n<p><a href=\"http:\/\/www.mindonium.es\/\">Volver a inicio<\/a><br \/>\n<span style=\"color: #808080;\">mindonium.es \u201cel portal de todos los Mindonienses\u201d<\/span><br \/>\n<span style=\"color: #808080;\">Te gustar\u00eda recibir las publicaciones en tu correo ?<\/span><a href=\"http:\/\/aviones.mindonium.es\/portal\/wp-login.php?action=register\"> reg\u00edstrate<\/a><\/p>\n","protected":false},"excerpt":{"rendered":"<p>Los d\u00edas 15 y 16 de septiembre un centenar de personas de la Asociaci\u00f3n \u201cPulcra Leonina\u201d de Le\u00f3n acompa\u00f1ados de<\/p>\n","protected":false},"author":1,"featured_media":0,"comment_status":"closed","ping_status":"closed","sticky":false,"template":"","format":"standard","meta":{"colormag_page_container_layout":"default_layout","colormag_page_sidebar_layout":"default_layout","_s2mail":"","footnotes":""},"categories":[17],"tags":[],"_links":{"self":[{"href":"https:\/\/aviones.mindonium.es\/portal\/wp-json\/wp\/v2\/posts\/3781"}],"collection":[{"href":"https:\/\/aviones.mindonium.es\/portal\/wp-json\/wp\/v2\/posts"}],"about":[{"href":"https:\/\/aviones.mindonium.es\/portal\/wp-json\/wp\/v2\/types\/post"}],"author":[{"embeddable":true,"href":"https:\/\/aviones.mindonium.es\/portal\/wp-json\/wp\/v2\/users\/1"}],"replies":[{"embeddable":true,"href":"https:\/\/aviones.mindonium.es\/portal\/wp-json\/wp\/v2\/comments?post=3781"}],"version-history":[{"count":4,"href":"https:\/\/aviones.mindonium.es\/portal\/wp-json\/wp\/v2\/posts\/3781\/revisions"}],"predecessor-version":[{"id":7187,"href":"https:\/\/aviones.mindonium.es\/portal\/wp-json\/wp\/v2\/posts\/3781\/revisions\/7187"}],"wp:attachment":[{"href":"https:\/\/aviones.mindonium.es\/portal\/wp-json\/wp\/v2\/media?parent=3781"}],"wp:term":[{"taxonomy":"category","embeddable":true,"href":"https:\/\/aviones.mindonium.es\/portal\/wp-json\/wp\/v2\/categories?post=3781"},{"taxonomy":"post_tag","embeddable":true,"href":"https:\/\/aviones.mindonium.es\/portal\/wp-json\/wp\/v2\/tags?post=3781"}],"curies":[{"name":"wp","href":"https:\/\/api.w.org\/{rel}","templated":true}]}}