{"id":3758,"date":"2012-08-20T08:00:23","date_gmt":"2012-08-20T08:00:23","guid":{"rendered":"http:\/\/aviones.mindonium.es\/portal\/?p=3758"},"modified":"2018-08-12T18:05:11","modified_gmt":"2018-08-12T18:05:11","slug":"concierto-de-verano-orquesta-melodias","status":"publish","type":"post","link":"https:\/\/aviones.mindonium.es\/portal\/2012\/08\/20\/concierto-de-verano-orquesta-melodias\/","title":{"rendered":"Concierto de verano &#8220;Orquesta Melod\u00edas&#8221;"},"content":{"rendered":"<p>Este pasado S\u00e1bado la \u201cOrquesta Melod\u00eda \u201cde Mondo\u00f1edo, dio su segundo concierto en el auditorio \u201cConcierto de verano\u201d fue el nombre elegido por estos m\u00fasicos Mindonienses para volver a abarrotar el Auditorio Municipal por segunda vez como ya sucedi\u00f3 en su presentaci\u00f3n el pasado mes de Enero.<\/p>\n<p>Estos j\u00f3venes m\u00fasicos eligieron para deleitar al numeroso p\u00fablico ritmos swing con m\u00fasica de \u00e9poca y tradicional mezclado con un espect\u00e1culo audiovisual, consiguiendo levantar al publico asistente en cada una de sus interpretaciones.<\/p>\n<p><a href=\"http:\/\/galeria.mindonium.es\/thumbnails.php?album=136\" target=\"_blank\">Ver fotograf\u00edas<\/a><\/p>\n<p><a href=\"http:\/\/galeria.mindonium.es\/thumbnails.php?album=136\" target=\"_blank\"><img loading=\"lazy\" decoding=\"async\" class=\"aligncenter size-full wp-image-3759\" src=\"http:\/\/aviones.mindonium.es\/portal\/wp-content\/uploads\/2012\/08\/portada4.jpg\" alt=\"\" width=\"300\" height=\"201\" \/><\/a><br \/>\n<a href=\"http:\/\/www.mindonium.es\/\">Volver a inicio<\/a><br \/>\n<span style=\"color: #808080;\">mindonium.es \u201cel portal de todos los Mindonienses\u201d<\/span><br \/>\n<span style=\"color: #808080;\">Te gustar\u00eda recibir las publicaciones en tu correo ?<\/span> <a href=\"http:\/\/aviones.mindonium.es\/portal\/wp-login.php?action=register\">reg\u00edstrate<\/a><\/p>\n","protected":false},"excerpt":{"rendered":"<p>Este pasado S\u00e1bado la \u201cOrquesta Melod\u00eda \u201cde Mondo\u00f1edo, dio su segundo concierto en el auditorio \u201cConcierto de verano\u201d fue el<\/p>\n","protected":false},"author":1,"featured_media":0,"comment_status":"closed","ping_status":"closed","sticky":false,"template":"","format":"standard","meta":{"colormag_page_container_layout":"default_layout","colormag_page_sidebar_layout":"default_layout","_s2mail":"","footnotes":""},"categories":[17],"tags":[],"_links":{"self":[{"href":"https:\/\/aviones.mindonium.es\/portal\/wp-json\/wp\/v2\/posts\/3758"}],"collection":[{"href":"https:\/\/aviones.mindonium.es\/portal\/wp-json\/wp\/v2\/posts"}],"about":[{"href":"https:\/\/aviones.mindonium.es\/portal\/wp-json\/wp\/v2\/types\/post"}],"author":[{"embeddable":true,"href":"https:\/\/aviones.mindonium.es\/portal\/wp-json\/wp\/v2\/users\/1"}],"replies":[{"embeddable":true,"href":"https:\/\/aviones.mindonium.es\/portal\/wp-json\/wp\/v2\/comments?post=3758"}],"version-history":[{"count":5,"href":"https:\/\/aviones.mindonium.es\/portal\/wp-json\/wp\/v2\/posts\/3758\/revisions"}],"predecessor-version":[{"id":3764,"href":"https:\/\/aviones.mindonium.es\/portal\/wp-json\/wp\/v2\/posts\/3758\/revisions\/3764"}],"wp:attachment":[{"href":"https:\/\/aviones.mindonium.es\/portal\/wp-json\/wp\/v2\/media?parent=3758"}],"wp:term":[{"taxonomy":"category","embeddable":true,"href":"https:\/\/aviones.mindonium.es\/portal\/wp-json\/wp\/v2\/categories?post=3758"},{"taxonomy":"post_tag","embeddable":true,"href":"https:\/\/aviones.mindonium.es\/portal\/wp-json\/wp\/v2\/tags?post=3758"}],"curies":[{"name":"wp","href":"https:\/\/api.w.org\/{rel}","templated":true}]}}