{"id":3745,"date":"2012-08-17T12:32:08","date_gmt":"2012-08-17T12:32:08","guid":{"rendered":"http:\/\/aviones.mindonium.es\/portal\/?p=3745"},"modified":"2018-08-12T18:05:12","modified_gmt":"2018-08-12T18:05:12","slug":"fotografias-procesion-de-san-roque","status":"publish","type":"post","link":"https:\/\/aviones.mindonium.es\/portal\/2012\/08\/17\/fotografias-procesion-de-san-roque\/","title":{"rendered":"Fotograf\u00edas procesi\u00f3n de San Roque"},"content":{"rendered":"<p>Fotograf\u00edas de la procesi\u00f3n de San Roque, que se celebr\u00f3 este pasado Jueves, la procesi\u00f3n parti\u00f3 desde la capilla de San Roque hasta la Catedral donde tuvo lugar la misa para luego volver en procesi\u00f3n hasta la capilla.<\/p>\n<p><a href=\"http:\/\/galeria.mindonium.es\/thumbnails.php?album=135\" target=\"_blank\">Ver fotograf\u00edas<\/a><\/p>\n<p><a href=\"http:\/\/galeria.mindonium.es\/thumbnails.php?album=135\" target=\"_blank\"><img loading=\"lazy\" decoding=\"async\" class=\"aligncenter size-full wp-image-3746\" src=\"http:\/\/aviones.mindonium.es\/portal\/wp-content\/uploads\/2012\/08\/paxina.jpg\" alt=\"\" width=\"300\" height=\"200\" \/><\/a><\/p>\n<p>Fotos cedidas por :<a href=\"http:\/\/mondonedo.net\/\" target=\"_blank\"><span style=\"color: #008000;\"> mondo\u00f1edo.net<\/span><\/a><\/p>\n<p><a href=\"http:\/\/www.mindonium.es\/\">Volver a inicio<\/a><span style=\"color: #008000;\"><br \/>\n<\/span><\/p>\n<div>\n<p><span style=\"color: #808080;\">mindonium.es \u201cel portal de todos los Mindonienses\u201d<\/span><br \/>\n<span style=\"color: #808080;\">Te gustar\u00eda recibir las publicaciones en tu correo ?<\/span><a href=\"http:\/\/aviones.mindonium.es\/portal\/wp-login.php?action=register\"> reg\u00edstrate<\/a><\/p>\n<\/div>\n","protected":false},"excerpt":{"rendered":"<p>Fotograf\u00edas de la procesi\u00f3n de San Roque, que se celebr\u00f3 este pasado Jueves, la procesi\u00f3n parti\u00f3 desde la capilla de<\/p>\n","protected":false},"author":1,"featured_media":0,"comment_status":"closed","ping_status":"closed","sticky":false,"template":"","format":"standard","meta":{"colormag_page_container_layout":"default_layout","colormag_page_sidebar_layout":"default_layout","_s2mail":"","footnotes":""},"categories":[17],"tags":[],"_links":{"self":[{"href":"https:\/\/aviones.mindonium.es\/portal\/wp-json\/wp\/v2\/posts\/3745"}],"collection":[{"href":"https:\/\/aviones.mindonium.es\/portal\/wp-json\/wp\/v2\/posts"}],"about":[{"href":"https:\/\/aviones.mindonium.es\/portal\/wp-json\/wp\/v2\/types\/post"}],"author":[{"embeddable":true,"href":"https:\/\/aviones.mindonium.es\/portal\/wp-json\/wp\/v2\/users\/1"}],"replies":[{"embeddable":true,"href":"https:\/\/aviones.mindonium.es\/portal\/wp-json\/wp\/v2\/comments?post=3745"}],"version-history":[{"count":7,"href":"https:\/\/aviones.mindonium.es\/portal\/wp-json\/wp\/v2\/posts\/3745\/revisions"}],"predecessor-version":[{"id":3752,"href":"https:\/\/aviones.mindonium.es\/portal\/wp-json\/wp\/v2\/posts\/3745\/revisions\/3752"}],"wp:attachment":[{"href":"https:\/\/aviones.mindonium.es\/portal\/wp-json\/wp\/v2\/media?parent=3745"}],"wp:term":[{"taxonomy":"category","embeddable":true,"href":"https:\/\/aviones.mindonium.es\/portal\/wp-json\/wp\/v2\/categories?post=3745"},{"taxonomy":"post_tag","embeddable":true,"href":"https:\/\/aviones.mindonium.es\/portal\/wp-json\/wp\/v2\/tags?post=3745"}],"curies":[{"name":"wp","href":"https:\/\/api.w.org\/{rel}","templated":true}]}}