{"id":3715,"date":"2012-08-15T14:07:07","date_gmt":"2012-08-15T14:07:07","guid":{"rendered":"http:\/\/aviones.mindonium.es\/portal\/?p=3715"},"modified":"2018-08-12T18:05:12","modified_gmt":"2018-08-12T18:05:12","slug":"concierto-de-verano-de-la-orquesta-melodias","status":"publish","type":"post","link":"https:\/\/aviones.mindonium.es\/portal\/2012\/08\/15\/concierto-de-verano-de-la-orquesta-melodias\/","title":{"rendered":"Concierto de verano de la \u201cOrquesta Melod\u00edas\u201d"},"content":{"rendered":"<p>El pr\u00f3ximo S\u00e1bado 18 de Agosto a las 20.30 horas, la Orquesta Melod\u00edas dar\u00e1 un nuevo concierto en el Auditorio Pascual Veiga de Mondo\u00f1edo. Ritmos swing, m\u00fasica de \u00e9poca y tradicional se mezclaran con un espect\u00e1culo audiovisual y teatral que no dejar\u00e1 a ninguno indiferente. Colabora la Asociaci\u00f3n o Pasatempo.<\/p>\n<p>&nbsp;<\/p>\n<p><a href=\"http:\/\/aviones.mindonium.es\/portal\/wp-content\/uploads\/2012\/08\/foto.jpg\"><img loading=\"lazy\" decoding=\"async\" class=\"aligncenter size-medium wp-image-3716\" src=\"http:\/\/aviones.mindonium.es\/portal\/wp-content\/uploads\/2012\/08\/foto-225x300.jpg\" alt=\"\" width=\"225\" height=\"300\" srcset=\"https:\/\/aviones.mindonium.es\/portal\/wp-content\/uploads\/2012\/08\/foto-225x300.jpg 225w, https:\/\/aviones.mindonium.es\/portal\/wp-content\/uploads\/2012\/08\/foto-400x532.jpg 400w, https:\/\/aviones.mindonium.es\/portal\/wp-content\/uploads\/2012\/08\/foto.jpg 752w\" sizes=\"(max-width: 225px) 100vw, 225px\" \/><\/a><\/p>\n<div><a href=\"http:\/\/www.mindonium.es\/\">Volver a inicio<\/a><\/div>\n<div>\n<p><span style=\"color: #808080;\">mindonium.es \u201cel portal de todos los Mindonienses\u201d<\/span><br \/>\n<span style=\"color: #808080;\">Te gustar\u00eda recibir las publicaciones en tu correo ?<\/span><a href=\"http:\/\/aviones.mindonium.es\/portal\/wp-login.php?action=register\"> reg\u00edstrate<\/a><\/p>\n<\/div>\n","protected":false},"excerpt":{"rendered":"<p>El pr\u00f3ximo S\u00e1bado 18 de Agosto a las 20.30 horas, la Orquesta Melod\u00edas dar\u00e1 un nuevo concierto en el Auditorio<\/p>\n","protected":false},"author":1,"featured_media":0,"comment_status":"closed","ping_status":"closed","sticky":false,"template":"","format":"standard","meta":{"colormag_page_container_layout":"default_layout","colormag_page_sidebar_layout":"default_layout","_s2mail":"","footnotes":""},"categories":[17],"tags":[],"_links":{"self":[{"href":"https:\/\/aviones.mindonium.es\/portal\/wp-json\/wp\/v2\/posts\/3715"}],"collection":[{"href":"https:\/\/aviones.mindonium.es\/portal\/wp-json\/wp\/v2\/posts"}],"about":[{"href":"https:\/\/aviones.mindonium.es\/portal\/wp-json\/wp\/v2\/types\/post"}],"author":[{"embeddable":true,"href":"https:\/\/aviones.mindonium.es\/portal\/wp-json\/wp\/v2\/users\/1"}],"replies":[{"embeddable":true,"href":"https:\/\/aviones.mindonium.es\/portal\/wp-json\/wp\/v2\/comments?post=3715"}],"version-history":[{"count":4,"href":"https:\/\/aviones.mindonium.es\/portal\/wp-json\/wp\/v2\/posts\/3715\/revisions"}],"predecessor-version":[{"id":3720,"href":"https:\/\/aviones.mindonium.es\/portal\/wp-json\/wp\/v2\/posts\/3715\/revisions\/3720"}],"wp:attachment":[{"href":"https:\/\/aviones.mindonium.es\/portal\/wp-json\/wp\/v2\/media?parent=3715"}],"wp:term":[{"taxonomy":"category","embeddable":true,"href":"https:\/\/aviones.mindonium.es\/portal\/wp-json\/wp\/v2\/categories?post=3715"},{"taxonomy":"post_tag","embeddable":true,"href":"https:\/\/aviones.mindonium.es\/portal\/wp-json\/wp\/v2\/tags?post=3715"}],"curies":[{"name":"wp","href":"https:\/\/api.w.org\/{rel}","templated":true}]}}