{"id":3683,"date":"2012-08-11T07:47:42","date_gmt":"2012-08-11T07:47:42","guid":{"rendered":"http:\/\/aviones.mindonium.es\/portal\/?p=3683"},"modified":"2018-08-12T18:05:12","modified_gmt":"2018-08-12T18:05:12","slug":"primeras-fotos-mercado-medieval-2012","status":"publish","type":"post","link":"https:\/\/aviones.mindonium.es\/portal\/2012\/08\/11\/primeras-fotos-mercado-medieval-2012\/","title":{"rendered":"Fotograf\u00edas XXI Mercado Medieval 2012"},"content":{"rendered":"<h3>Damos por finalizado estos tres d\u00edas de reportaje fotogr\u00e1fico de lo que ha sido el Mercado Medieval 2012 en Mondo\u00f1edo, cetrer\u00eda, malabares, m\u00e1s de 170 puestos, animaciones por las calles, degustaciones de torreznos, boda y cena Medieval todo esto y m\u00e1s hemos querido reflejarlo en 119 fotograf\u00edas por si no has venido puedas verlo y el a\u00f1o que viene te decidas a venir.<\/h3>\n<p><a href=\"http:\/\/galeria.mindonium.es\/thumbnails.php?album=134\" target=\"_blank\">Ver fotos<\/a><\/p>\n<p><a href=\"http:\/\/galeria.mindonium.es\/thumbnails.php?album=134\" target=\"_blank\"><img loading=\"lazy\" decoding=\"async\" class=\"aligncenter size-full wp-image-3698\" src=\"http:\/\/aviones.mindonium.es\/portal\/wp-content\/uploads\/2012\/08\/portada2.jpg\" alt=\"\" width=\"300\" height=\"201\" \/><\/a><\/p>\n<p>Seguimos ampliando la galer\u00eda de la XXI del Mercado Medieval , el buen tiempo participo en esta ma\u00f1ana de S\u00e1bado haciendo posible que la gente acudiera a Mondo\u00f1edo para disfrutar del Medievo Mindoniense.<\/p>\n<p><a href=\"http:\/\/galeria.mindonium.es\/thumbnails.php?album=134\" target=\"_blank\">Ver fotos<\/a><\/p>\n<p><a href=\"http:\/\/galeria.mindonium.es\/thumbnails.php?album=134\" target=\"_blank\"><img loading=\"lazy\" decoding=\"async\" class=\"aligncenter size-full wp-image-3692\" src=\"http:\/\/aviones.mindonium.es\/portal\/wp-content\/uploads\/2012\/08\/portada1.jpg\" alt=\"\" width=\"300\" height=\"201\" \/><\/a><\/p>\n<p>Las primeras fotos del MERCADO MEDIEVAL Mindoniense ya est\u00e1n disponibles en nuestra galer\u00eda, este viernes comenz\u00f3 el Mercado Medieval con las Mesnadas Mindonienses \u00a0reuni\u00e9ndose en la plaza de la Catedral, visitaron a su patr\u00f3n San Roque, recorrieron las calles de Mondo\u00f1edo todo esto en una noche larga del primer d\u00eda del Medieval.<\/p>\n<p><a href=\"http:\/\/galeria.mindonium.es\/thumbnails.php?album=134\" target=\"_blank\">Ver fotos<\/a><\/p>\n<p><a href=\"http:\/\/galeria.mindonium.es\/thumbnails.php?album=134\" target=\"_blank\"><img loading=\"lazy\" decoding=\"async\" class=\"aligncenter size-full wp-image-3684\" src=\"http:\/\/aviones.mindonium.es\/portal\/wp-content\/uploads\/2012\/08\/portada.jpg\" alt=\"\" width=\"300\" height=\"201\" \/><\/a><\/p>\n<p><a href=\"http:\/\/www.mindonium.es\/\">Volver a inicio<\/a><br \/>\n<span style=\"color: #808080;\">mindonium.es \u201cel portal de todos los Mindonienses\u201d<\/span><br \/>\n<span style=\"color: #808080;\">Te gustar\u00eda recibir las publicaciones en tu correo ?<\/span><a href=\"http:\/\/aviones.mindonium.es\/portal\/wp-login.php?action=register\"> reg\u00edstrate<\/a><\/p>\n","protected":false},"excerpt":{"rendered":"<p>Damos por finalizado estos tres d\u00edas de reportaje fotogr\u00e1fico de lo que ha sido el Mercado Medieval 2012 en Mondo\u00f1edo,<\/p>\n","protected":false},"author":1,"featured_media":0,"comment_status":"closed","ping_status":"closed","sticky":false,"template":"","format":"standard","meta":{"colormag_page_container_layout":"default_layout","colormag_page_sidebar_layout":"default_layout","_s2mail":"","footnotes":""},"categories":[17],"tags":[52,80,79,120],"_links":{"self":[{"href":"https:\/\/aviones.mindonium.es\/portal\/wp-json\/wp\/v2\/posts\/3683"}],"collection":[{"href":"https:\/\/aviones.mindonium.es\/portal\/wp-json\/wp\/v2\/posts"}],"about":[{"href":"https:\/\/aviones.mindonium.es\/portal\/wp-json\/wp\/v2\/types\/post"}],"author":[{"embeddable":true,"href":"https:\/\/aviones.mindonium.es\/portal\/wp-json\/wp\/v2\/users\/1"}],"replies":[{"embeddable":true,"href":"https:\/\/aviones.mindonium.es\/portal\/wp-json\/wp\/v2\/comments?post=3683"}],"version-history":[{"count":9,"href":"https:\/\/aviones.mindonium.es\/portal\/wp-json\/wp\/v2\/posts\/3683\/revisions"}],"predecessor-version":[{"id":7188,"href":"https:\/\/aviones.mindonium.es\/portal\/wp-json\/wp\/v2\/posts\/3683\/revisions\/7188"}],"wp:attachment":[{"href":"https:\/\/aviones.mindonium.es\/portal\/wp-json\/wp\/v2\/media?parent=3683"}],"wp:term":[{"taxonomy":"category","embeddable":true,"href":"https:\/\/aviones.mindonium.es\/portal\/wp-json\/wp\/v2\/categories?post=3683"},{"taxonomy":"post_tag","embeddable":true,"href":"https:\/\/aviones.mindonium.es\/portal\/wp-json\/wp\/v2\/tags?post=3683"}],"curies":[{"name":"wp","href":"https:\/\/api.w.org\/{rel}","templated":true}]}}