{"id":3664,"date":"2012-08-09T07:35:45","date_gmt":"2012-08-09T07:35:45","guid":{"rendered":"http:\/\/aviones.mindonium.es\/portal\/?p=3664"},"modified":"2018-08-12T18:05:13","modified_gmt":"2018-08-12T18:05:13","slug":"manolo-o-culpable","status":"publish","type":"post","link":"https:\/\/aviones.mindonium.es\/portal\/2012\/08\/09\/manolo-o-culpable\/","title":{"rendered":"Manolo o culpable"},"content":{"rendered":"<p>Atopei a meu amigo Manolo un pouco preocupado, eu dir\u00eda que ata algo alporizado cando xa de retirada do mercado do xoves \u00eda cami\u00f1o da casa sen mercar nada. Coma sempre alegreime de velo e quixen transmitirlle o meu contento pero d\u00edxome un pouco aspro.\u00a1Saca de a\u00ed que non estou para bromas! D\u00edxome con cara de tristura mais que de xenio. E. Logo? Preguntei eu sorprendido. \u00a0E foi cando Manolo se mostrou como \u00e9. Aberto, franco e sabido coma sempre. \u201cTi non te decatas do que esta a pasar? . \u00a1Pois home eu&#8230; A verdade que non sabia por onde \u00edan os tiros as\u00ed que calei esperando que me aclarase a situaci\u00f3n e as\u00ed foi.<\/p>\n<p>.-Voume para a casa axi\u00f1a por medo a que calquera tru\u00e1n me sinale e diga berrando \u00a1Foi ese! E me colguen a min as culpas. Despois de o\u00edlo quedei ca boca aberta.Abof\u00e9. Pero el seguiu . .-Agora resulta que ning\u00fan\u00a0 dos presidentes, directores, conselleiros e demais dirixentes dos bancos e das finanzas que nos trouxeron ata aqu\u00ed, ten a culpa de nada, non son responsables de nada e ademais \u00a0\u201cnon ti\u00f1an poderes\u201d\u00a0 eran \u201cfiguras institucionais\u201d e \u201cmandaban os consellos\u201d os homes non, polo tanto son coma anxeli\u00f1os.<\/p>\n<p>Bueno&#8230; \u00e9 o que nos contan&#8230; lle dixen eu quitando ferro, pero diso a que te sinalen a ti que case nunca pisaches un banco a non ser para ingresar cartos&#8230;<\/p>\n<p>.-Cala parvo! D\u00edxome algo alporizado. Pensas logo que non han buscar un culpable?\u00a0 E seguro que calquera servira polo que, por se acaso, voume meter na casa ata que esto se ama\u00f1e, non sexa o demo!.\u00a0 Mais que para tranquilizalo que por outra cousa ocorr\u00e9useme dicirlle que; O mellor te\u00f1en raz\u00f3n e non ti\u00f1an poderes nin nada deso que din..<\/p>\n<p>.-Carabillo\u00a1 ent\u00f3n mellor mo pos. E se non son responsables de nada, nin ti\u00f1an poderes nin nada de nada, ent\u00f3n por que cobraban esa millonada de cartos \u00f3 mes, por sa\u00edr na foto, ou ir de inauguraci\u00f3ns, ou pola s\u00faa cara bonita, ou por ser amigo de&#8230; ou para que calasen a boca de canto se fac\u00eda agachando as orellas. Un home que traballa nun banco e cobra unha millonada cada ano \u201cpolo seu traballo\u201d en algo traballara, digo eu, ningu\u00e9n lembra que eses cartos os gane ning\u00fan conserxe. Polo tanto ou maquinaron os \u201cfurados\u201d que te\u00f1en os bancos ou estafaron os accionistas por cobrar soldos millonarios por non facer nada. Por iso penso que a\u00ednda han sinalar a alg\u00fan inocente para cargar coa culpar. Anque pensando ben, igual lle pagan por aceptala.<\/p>\n<p>.-Manoli\u00f1o cando te pos, es o demo, porqu\u00e9 non tomamos un caf\u00e9 e nos esquecemos de todo, di? Eu d\u00edxeno pero a cachola d\u00e1bame voltas por canto falou meu amigo, pois como case sempre igual ti\u00f1a raz\u00f3n.<\/p>\n<p><strong>Fdo: <\/strong>Xos\u00e9 Ruiz Leivas<\/p>\n<p><a href=\"http:\/\/www.mindonium.es\/\">Volver a inicio<\/a><br \/>\n<span style=\"color: #808080;\">mindonium.es \u201cel portal de todos los Mindonienses\u201d<\/span><br \/>\n<span style=\"color: #808080;\">Te gustar\u00eda recibir las publicaciones en tu correo ?<\/span><a href=\"http:\/\/aviones.mindonium.es\/portal\/wp-login.php?action=register\"> reg\u00edstrate<\/a><\/p>\n","protected":false},"excerpt":{"rendered":"<p>Atopei a meu amigo Manolo un pouco preocupado, eu dir\u00eda que ata algo alporizado cando xa de retirada do mercado<\/p>\n","protected":false},"author":1,"featured_media":0,"comment_status":"closed","ping_status":"closed","sticky":false,"template":"","format":"standard","meta":{"colormag_page_container_layout":"default_layout","colormag_page_sidebar_layout":"default_layout","_s2mail":"","footnotes":""},"categories":[47],"tags":[],"_links":{"self":[{"href":"https:\/\/aviones.mindonium.es\/portal\/wp-json\/wp\/v2\/posts\/3664"}],"collection":[{"href":"https:\/\/aviones.mindonium.es\/portal\/wp-json\/wp\/v2\/posts"}],"about":[{"href":"https:\/\/aviones.mindonium.es\/portal\/wp-json\/wp\/v2\/types\/post"}],"author":[{"embeddable":true,"href":"https:\/\/aviones.mindonium.es\/portal\/wp-json\/wp\/v2\/users\/1"}],"replies":[{"embeddable":true,"href":"https:\/\/aviones.mindonium.es\/portal\/wp-json\/wp\/v2\/comments?post=3664"}],"version-history":[{"count":6,"href":"https:\/\/aviones.mindonium.es\/portal\/wp-json\/wp\/v2\/posts\/3664\/revisions"}],"predecessor-version":[{"id":7189,"href":"https:\/\/aviones.mindonium.es\/portal\/wp-json\/wp\/v2\/posts\/3664\/revisions\/7189"}],"wp:attachment":[{"href":"https:\/\/aviones.mindonium.es\/portal\/wp-json\/wp\/v2\/media?parent=3664"}],"wp:term":[{"taxonomy":"category","embeddable":true,"href":"https:\/\/aviones.mindonium.es\/portal\/wp-json\/wp\/v2\/categories?post=3664"},{"taxonomy":"post_tag","embeddable":true,"href":"https:\/\/aviones.mindonium.es\/portal\/wp-json\/wp\/v2\/tags?post=3664"}],"curies":[{"name":"wp","href":"https:\/\/api.w.org\/{rel}","templated":true}]}}