{"id":3210,"date":"2012-04-28T13:09:43","date_gmt":"2012-04-28T13:09:43","guid":{"rendered":"http:\/\/aviones.mindonium.es\/portal\/?p=3210"},"modified":"2018-08-12T18:05:16","modified_gmt":"2018-08-12T18:05:16","slug":"mondonedo-unido","status":"publish","type":"post","link":"https:\/\/aviones.mindonium.es\/portal\/2012\/04\/28\/mondonedo-unido\/","title":{"rendered":"Mondo\u00f1edo unido"},"content":{"rendered":"<p>Moitas Grazas\u00a0\u00a0 Cidad\u00e1ns e Asociaci\u00f3ns de Mondo\u00f1edo integradas na Plataforma MONDO\u00d1EDO UNIDO<br \/>\nPerto de 30 asociaci\u00f3ns integradas na Plataforma Mondo\u00f1edo Unido\u00a0\u00a0 e de 50 persoas voluntarias, colaborar\u00e1n durante as Feiras e Festas das Quendas co obxetivo de recabar sinaturas para a Impantaci\u00f3n dunha Industria na nosa bisbarra ven sexa no Pol\u00edgono Industrial de Xiros ou nas naves de ECAR-FIMSA que axude a paliar a crise econ\u00f3mica e social que nos afecta e conseguir UN FUTURO INDUSTRIAL\u00a0\u00a0 PARA\u00a0\u00a0 A\u00a0\u00a0 COMARCA DE\u00a0\u00a0 MONDO\u00d1EDO.<br \/>\nPara elo colocaranse 2 Mesas de recollida de sinaturas na Praza do Concello e na Alameda dos Remedios o domingo 29 de abril e o martes 1 de maio desde as 11 h ata as 21 h. tam\u00e9n se ler\u00e1 un Manifesto Reivindicativo na Alameda dos Remedios as 14,15 h o domingo 29 de abril.<br \/>\nRELACION DE TURNOS DE\u00a0\u00a0 VOLUNTARIOS :<br \/>\nDOMINGO 29 DE ABRIL<br \/>\nMesa da Praza do Concello:<br \/>\n9h a 11h<br \/>\nMontaxe de Pancartas e Mesas . Delegados: Angel Marful, Javier R\u00edo e Luis Rubal.<br \/>\n11h a 13h<br \/>\nAngela M\u00aa L\u00f3pez Bra\u00f1a (Aso Abrindo Cami\u00f1o)<br \/>\nJavier Rio Sixto (Aso. Abrindo Cami\u00f1o)<br \/>\nM\u00aa Jes\u00fas L\u00f3pez Lage (Aso de Artes\u00e1ns de Os Mui\u00f1os)<br \/>\n13 h a 15 h<br \/>\nIsrael Cruz Leal\u00a0\u00a0 (Aso. Pasatempo)<br \/>\nSamuel Robles\u00a0\u00a0 (Aso. Pasatempo)<br \/>\n15h a 17 h<br \/>\nFran Bouso Bouso (Motoclube N-634)<br \/>\nElias Noel Fern\u00e1ndez Ferreira (colaboraci\u00f3n persoal)<br \/>\n17h a 19h<br \/>\nLuis Rubal Rubal (colaboraci\u00f3n persoal)<br \/>\nJos\u00e9 Garc\u00eda Valor\u00eda (Aso. Veci\u00f1al de Viloalle)<br \/>\n19h a 21h<br \/>\nManuel Gonz\u00e1lez (Rondalla O Pallarego)<br \/>\nSara Posada (Aso. De Amas de Casa)<br \/>\nMesa da Alameda dos Remedios:<br \/>\n9h\u00a0\u00a0 a 11h<br \/>\nMontaxe de Pancartas e Mesas . Delegados: Angel Marful, Javier R\u00edo e Luis Rubal.<br \/>\n11h\u00a0\u00a0 a 13h<br \/>\nXos\u00e9 Ruiz Leivas (Aso. Amigos de Mondo\u00f1edo)<br \/>\nJes\u00fas Chao Falc\u00f3n (Aso. Amigos de Mondo\u00f1edo)<br \/>\nCarlos Maseda Gonz\u00e1lez (Aso. Veci\u00f1as dos Remedios)<br \/>\n13h a 15 h<br \/>\nJ. Luis Fern\u00e1ndez Ansedes (Aso. Abrindo Cami\u00f1o)<br \/>\nM\u00aa Dolores Ferreira D\u00edaz (Orfe\u00f3n da Sociedade de Obreiros)<br \/>\n!5h a 17h<br \/>\nRamiro Chao (Aso. Veci\u00f1al de O Carmen)<br \/>\nDami\u00e1n Fern\u00e1ndez Mui\u00f1o (Aso. Veci\u00f1al de O Carmen)<\/p>\n<p>17h a 19h<br \/>\nEsther Otero Loureiro (Aso. De Amas de Casa)<br \/>\nRosa Seivane (Aso de Productores de Madeira PROMAMON)<br \/>\n19h a 21h<br \/>\nLuis Antonio Paz Reigosa(Exempregado de ECAR-FIMSA)<br \/>\nSalvador Garc\u00eda Carracedo Exempregado de ECAR-FIMSA)<\/p>\n<p>MARTES 1 DE MAIO<br \/>\nMesa da Praza do Concello:<br \/>\n11h a 13h<br \/>\nPurificaci\u00f3n Fern\u00e1ndez Bouza (Aso. Abrindo Cami\u00f1o)<br \/>\nBetsi Casta\u00f1al Castro (Aso. Abrindo Cami\u00f1o)<br \/>\n13h a 15h<br \/>\nIrma Iglesias Perez (Aso. Veci\u00f1al de St\u00aa M\u00aa Maior)<br \/>\nM\u00aa Esther Croas (colaboraci\u00f3n persoal)<br \/>\n15h a 17h<br \/>\nJes\u00fas Rico Insua (exempregado de ECAR-FIMSA)<br \/>\nMarcelino L\u00f3pez Bra\u00f1a (exempregado de ECAR-FIMSA)<br \/>\nAlicia Tella-Villamarin (Aso. Mundo de Galea)<br \/>\n17h a 19h<br \/>\nFernando Gonz\u00e1lez Rego (colaboraci\u00f3n persoal)<br \/>\nFernando Anello L\u00f3pez (Orfe\u00f3n de Mondo\u00f1edo)<br \/>\n19h a 21h<br \/>\nCarlos Lema Leivas (Espeleoclube Rei Cintolo)<br \/>\nSonia D\u00edaz Garc\u00eda (Espeleoclube Rei Cintolo)<br \/>\nMesa da Alameda dos Remedios:<br \/>\n11h a 13h<br \/>\nJaime Reigosa (Aso. Excursiones Amistosas)<br \/>\nAngeles Rodriguez (Aso. Veci\u00f1al do Carmen)<br \/>\nRosa L\u00f3pez Rejes (Colaboraci\u00f3n persoal)<br \/>\n!3h a 15h<br \/>\nM\u00aa Jos\u00e9 Gonz\u00e1lez-Seco (colaboraci\u00f3n persoal)<br \/>\nClara Montes Gonz\u00e1lez (colaboraci\u00f3n persoal)<br \/>\n15h a 17h<br \/>\nJos\u00e9 Castro Valle ( Aso. Terceira Idade Solidaridade)<br \/>\nAngel Martinez D\u00edaz (Aso. Terceira Idade Solidaridade)<br \/>\n17h a 19h<br \/>\nIsidro Fern\u00e1ndez Rubal (Colaboraci\u00f3n persoal)<br \/>\nJusto Basanta Rico (Colaboraci\u00f3n persoal)<br \/>\n19h a 21h<br \/>\nBety Lema Leivas ( Aso de Comerciantes Industriais e Autonomos ACIAM )<br \/>\nBeatriz Fern\u00e1ndez Ansedes ( Aso de Comerciantes Industriais e Autonomos ACIAM )<\/p>\n<p>Coordinadores da PLATAFORMA MONDO\u00d1EDO UNIDO.<br \/>\nJ. Luis Fdez Ansedes (aso Abrindo Cami\u00f1o) Xos\u00e9 Ruiz Leivas (aso Amigos de Mondo\u00f1edo) Angel Marful Casta\u00f1al ( ACIAM) Sara Posada (aso Amas de Casa Sendeiri\u00f1a) Isidro Fern\u00e1ndez Rubal e Luis Rubal Rubal<\/p>\n<p>A entrega de sinaturas, xunto a unha Carta dirixida o Sr. Conselleiro de Industria realizarase o venres 4 de maio as 20 horas durante unha reuni\u00f3n cos membros da Corporaci\u00f3n Municipal, que ter\u00e1 lugar no Sal\u00f3n de Plenos do Concello de Mondo\u00f1edo no que tam\u00e9n se solicitar\u00e1 informaci\u00f3n sobre a situaci\u00f3n actual das xesti\u00f3ns que se est\u00e1n a levar coa Conseller\u00eda de Industria e representantes de Industrias que se queren implantar no noso concello.<\/p>\n<p><a href=\"http:\/\/aviones.mindonium.es\/portal\/wp-content\/uploads\/2012\/04\/20120428113841_00002.jpg\" target=\"_blank\"><img loading=\"lazy\" decoding=\"async\" class=\"aligncenter size-medium wp-image-3212\" src=\"http:\/\/aviones.mindonium.es\/portal\/wp-content\/uploads\/2012\/04\/20120428113841_00002-300x212.jpg\" alt=\"\" width=\"300\" height=\"212\" srcset=\"https:\/\/aviones.mindonium.es\/portal\/wp-content\/uploads\/2012\/04\/20120428113841_00002-300x212.jpg 300w, https:\/\/aviones.mindonium.es\/portal\/wp-content\/uploads\/2012\/04\/20120428113841_00002-400x283.jpg 400w, https:\/\/aviones.mindonium.es\/portal\/wp-content\/uploads\/2012\/04\/20120428113841_00002.jpg 900w\" sizes=\"(max-width: 300px) 100vw, 300px\" \/><\/a><\/p>\n<p><a href=\"http:\/\/aviones.mindonium.es\/portal\/wp-content\/uploads\/2012\/04\/20120428114106_00001.jpg\" target=\"_blank\"><img loading=\"lazy\" decoding=\"async\" class=\"aligncenter size-medium wp-image-3214\" src=\"http:\/\/aviones.mindonium.es\/portal\/wp-content\/uploads\/2012\/04\/20120428114106_00001-300x212.jpg\" alt=\"\" width=\"300\" height=\"212\" srcset=\"https:\/\/aviones.mindonium.es\/portal\/wp-content\/uploads\/2012\/04\/20120428114106_00001-300x212.jpg 300w, https:\/\/aviones.mindonium.es\/portal\/wp-content\/uploads\/2012\/04\/20120428114106_00001-400x283.jpg 400w, https:\/\/aviones.mindonium.es\/portal\/wp-content\/uploads\/2012\/04\/20120428114106_00001.jpg 900w\" sizes=\"(max-width: 300px) 100vw, 300px\" \/><\/a><\/p>\n<p>LUIS<\/p>\n<p><a href=\"http:\/\/www.mindonium.es\/\">Volver a inicio<\/a><\/p>\n<p><span style=\"color: #999999;\">Te gusta la web ? Quieres recibir en tu correo nuevas publicaciones ?<\/span><a href=\"http:\/\/aviones.mindonium.es\/portal\/wp-login.php?action=register\"> Reg\u00edstrate<\/a><\/p>\n","protected":false},"excerpt":{"rendered":"<p>Moitas Grazas\u00a0\u00a0 Cidad\u00e1ns e Asociaci\u00f3ns de Mondo\u00f1edo integradas na Plataforma MONDO\u00d1EDO UNIDO Perto de 30 asociaci\u00f3ns integradas na Plataforma Mondo\u00f1edo<\/p>\n","protected":false},"author":1,"featured_media":0,"comment_status":"closed","ping_status":"closed","sticky":false,"template":"","format":"standard","meta":{"colormag_page_container_layout":"default_layout","colormag_page_sidebar_layout":"default_layout","_s2mail":"","footnotes":""},"categories":[17],"tags":[],"_links":{"self":[{"href":"https:\/\/aviones.mindonium.es\/portal\/wp-json\/wp\/v2\/posts\/3210"}],"collection":[{"href":"https:\/\/aviones.mindonium.es\/portal\/wp-json\/wp\/v2\/posts"}],"about":[{"href":"https:\/\/aviones.mindonium.es\/portal\/wp-json\/wp\/v2\/types\/post"}],"author":[{"embeddable":true,"href":"https:\/\/aviones.mindonium.es\/portal\/wp-json\/wp\/v2\/users\/1"}],"replies":[{"embeddable":true,"href":"https:\/\/aviones.mindonium.es\/portal\/wp-json\/wp\/v2\/comments?post=3210"}],"version-history":[{"count":8,"href":"https:\/\/aviones.mindonium.es\/portal\/wp-json\/wp\/v2\/posts\/3210\/revisions"}],"predecessor-version":[{"id":3220,"href":"https:\/\/aviones.mindonium.es\/portal\/wp-json\/wp\/v2\/posts\/3210\/revisions\/3220"}],"wp:attachment":[{"href":"https:\/\/aviones.mindonium.es\/portal\/wp-json\/wp\/v2\/media?parent=3210"}],"wp:term":[{"taxonomy":"category","embeddable":true,"href":"https:\/\/aviones.mindonium.es\/portal\/wp-json\/wp\/v2\/categories?post=3210"},{"taxonomy":"post_tag","embeddable":true,"href":"https:\/\/aviones.mindonium.es\/portal\/wp-json\/wp\/v2\/tags?post=3210"}],"curies":[{"name":"wp","href":"https:\/\/api.w.org\/{rel}","templated":true}]}}