{"id":3186,"date":"2012-04-27T23:12:34","date_gmt":"2012-04-27T23:12:34","guid":{"rendered":"http:\/\/aviones.mindonium.es\/portal\/?p=3186"},"modified":"2018-08-12T18:05:16","modified_gmt":"2018-08-12T18:05:16","slug":"primeras-fotos-quendas-2012","status":"publish","type":"post","link":"https:\/\/aviones.mindonium.es\/portal\/2012\/04\/27\/primeras-fotos-quendas-2012\/","title":{"rendered":"Videos e im\u00e1genes Quendas 2012"},"content":{"rendered":"<p>Se terminaron las QUENDAS 2012\u00a0 , en los siguientes <strong>enlaces <\/strong> puedes ver un resumen tanto en <strong>video<\/strong> como en <strong>fotograf\u00edas<\/strong> de lo m\u00e1s destacado de estas fiestas .<\/p>\n<p><a href=\"http:\/\/galeria.mindonium.es\/thumbnails.php?album=125\" target=\"_blank\">Ver fotograf\u00edas <\/a><\/p>\n<p><a href=\"http:\/\/aviones.mindonium.es\/portal\/?p=3222\">Ver videos<\/a><\/p>\n<p>Ya est\u00e1n disponibles la im\u00e1genes del d\u00eda grande de la Quendas 2012 , el buen tiempo dej\u00f3 que se celebrara la feria de caballos sin problema , para despu\u00e9s acercarnos a bailar todos con la orquesta Principal en la sesi\u00f3n vermut<\/p>\n<p><a href=\"http:\/\/galeria.mindonium.es\/thumbnails.php?album=125\" target=\"_blank\">Ver fotograf\u00edas<\/a><\/p>\n<p><a href=\"http:\/\/galeria.mindonium.es\/thumbnails.php?album=125\" target=\"_blank\"><img loading=\"lazy\" decoding=\"async\" class=\"aligncenter size-full wp-image-3231\" src=\"http:\/\/aviones.mindonium.es\/portal\/wp-content\/uploads\/2012\/04\/PORTADA.jpg\" alt=\"\" width=\"300\" height=\"201\" \/><\/a><\/p>\n<p>Seguimos ofreciendo las mejores im\u00e1genes de las QUENDAS, esta vez de la I ruta a caballo \u201cAs Quendas 2012 \u201c.<\/p>\n<p><a href=\"http:\/\/galeria.mindonium.es\/thumbnails.php?album=125\" target=\"_blank\">Ver fotograf\u00edas<\/a><\/p>\n<p><a href=\"http:\/\/galeria.mindonium.es\/thumbnails.php?album=125\" target=\"_blank\"><img loading=\"lazy\" decoding=\"async\" class=\"aligncenter size-full wp-image-3206\" src=\"http:\/\/aviones.mindonium.es\/portal\/wp-content\/uploads\/2012\/04\/portada2.jpg\" alt=\"\" width=\"300\" height=\"201\" \/><\/a><\/p>\n<p>Publi .. <a href=\"http:\/\/aviones.mindonium.es\/portal\/?p=1558\"><span style=\"color: #008000;\">La librer\u00eda<\/span><\/a><\/p>\n<p>Empezamos con el reportaje de las QUENDAS 2012 con el desfile desde la plaza del Ayuntamiento hasta el auditorio , de las autoridades , la Reina y las damas de honor y el pregonero que este a\u00f1o fue pronunciado\u00a0 por el veterinario Mindoniense \u00a0D. Carlos D\u00edaz de Pablo , al finalizar el preg\u00f3n el coro Mestre Pacheco , puso final a la jornada del primer d\u00eda de las Quendas.<\/p>\n<p><a href=\"http:\/\/galeria.mindonium.es\/thumbnails.php?album=125\" target=\"_blank\">Ver fotograf\u00edas<\/a><\/p>\n<p><a href=\"http:\/\/galeria.mindonium.es\/thumbnails.php?album=125\" target=\"_blank\"><img loading=\"lazy\" decoding=\"async\" class=\"aligncenter size-full wp-image-3187\" src=\"http:\/\/aviones.mindonium.es\/portal\/wp-content\/uploads\/2012\/04\/portada1.jpg\" alt=\"\" width=\"300\" height=\"201\" \/><\/a><\/p>\n<p><a href=\"http:\/\/aviones.mindonium.es\/portal\/?p=1478\"><span style=\"color: #008000;\"> <\/span><\/a><\/p>\n<p><a href=\"http:\/\/www.mindonium.es\/\">Volver a inicio<\/a><\/p>\n<p><span style=\"color: #808080;\">Te gusta la web ? Quieres recibir en tu correo nuevas publicaciones ?<\/span> <a href=\"http:\/\/aviones.mindonium.es\/portal\/wp-login.php?action=register\">Reg\u00edstrate<\/a><\/p>\n","protected":false},"excerpt":{"rendered":"<p>Se terminaron las QUENDAS 2012\u00a0 , en los siguientes enlaces puedes ver un resumen tanto en video como en fotograf\u00edas<\/p>\n","protected":false},"author":1,"featured_media":0,"comment_status":"closed","ping_status":"closed","sticky":false,"template":"","format":"standard","meta":{"colormag_page_container_layout":"default_layout","colormag_page_sidebar_layout":"default_layout","_s2mail":"","footnotes":""},"categories":[17],"tags":[],"_links":{"self":[{"href":"https:\/\/aviones.mindonium.es\/portal\/wp-json\/wp\/v2\/posts\/3186"}],"collection":[{"href":"https:\/\/aviones.mindonium.es\/portal\/wp-json\/wp\/v2\/posts"}],"about":[{"href":"https:\/\/aviones.mindonium.es\/portal\/wp-json\/wp\/v2\/types\/post"}],"author":[{"embeddable":true,"href":"https:\/\/aviones.mindonium.es\/portal\/wp-json\/wp\/v2\/users\/1"}],"replies":[{"embeddable":true,"href":"https:\/\/aviones.mindonium.es\/portal\/wp-json\/wp\/v2\/comments?post=3186"}],"version-history":[{"count":21,"href":"https:\/\/aviones.mindonium.es\/portal\/wp-json\/wp\/v2\/posts\/3186\/revisions"}],"predecessor-version":[{"id":7195,"href":"https:\/\/aviones.mindonium.es\/portal\/wp-json\/wp\/v2\/posts\/3186\/revisions\/7195"}],"wp:attachment":[{"href":"https:\/\/aviones.mindonium.es\/portal\/wp-json\/wp\/v2\/media?parent=3186"}],"wp:term":[{"taxonomy":"category","embeddable":true,"href":"https:\/\/aviones.mindonium.es\/portal\/wp-json\/wp\/v2\/categories?post=3186"},{"taxonomy":"post_tag","embeddable":true,"href":"https:\/\/aviones.mindonium.es\/portal\/wp-json\/wp\/v2\/tags?post=3186"}],"curies":[{"name":"wp","href":"https:\/\/api.w.org\/{rel}","templated":true}]}}