{"id":3148,"date":"2012-04-15T00:31:39","date_gmt":"2012-04-15T00:31:39","guid":{"rendered":"http:\/\/aviones.mindonium.es\/portal\/?p=3148"},"modified":"2018-08-12T18:05:16","modified_gmt":"2018-08-12T18:05:16","slug":"fotografias-del-dia-del-arbol","status":"publish","type":"post","link":"https:\/\/aviones.mindonium.es\/portal\/2012\/04\/15\/fotografias-del-dia-del-arbol\/","title":{"rendered":"Fotograf\u00edas del D\u00eda del \u00e1rbol"},"content":{"rendered":"<p>Una jornada llena actos para los ni\u00f1os, juegos, carrera popular, globoflexia , \u00a0el mal tiempo hizo que suspendieran algunos actos como fue la carrera popular, para pasar al Pabell\u00f3n de Mondo\u00f1edo donde continuo esta celebraci\u00f3n del\u00a0 DIA DEL ARBOL , pasadas las 13:00 horas la lluvia hizo un descanso para terminar la jornada plantando el \u00e1rbol en la Alameda de los Remedios.<\/p>\n<p><a href=\"http:\/\/galeria.mindonium.es\/thumbnails.php?album=124\" target=\"_blank\">Ver fotograf\u00edas<\/a><\/p>\n<p><a href=\"http:\/\/galeria.mindonium.es\/thumbnails.php?album=124\" target=\"_blank\"><img loading=\"lazy\" decoding=\"async\" class=\"aligncenter size-full wp-image-3149\" src=\"http:\/\/aviones.mindonium.es\/portal\/wp-content\/uploads\/2012\/04\/portada.jpg\" alt=\"\" width=\"300\" height=\"201\" \/><\/a><a href=\"http:\/\/www.mindonium.es\/\">Volver a inicio<\/a><\/p>\n<p><span style=\"color: #808080;\">Te gusta la web ? Quieres recibir en tu correo nuevas publicaciones ?<\/span><a href=\"http:\/\/aviones.mindonium.es\/portal\/wp-login.php?action=register\"> Reg\u00edstrate<\/a><\/p>\n<p>&nbsp;<\/p>\n","protected":false},"excerpt":{"rendered":"<p>Una jornada llena actos para los ni\u00f1os, juegos, carrera popular, globoflexia , \u00a0el mal tiempo hizo que suspendieran algunos actos<\/p>\n","protected":false},"author":1,"featured_media":0,"comment_status":"closed","ping_status":"closed","sticky":false,"template":"","format":"standard","meta":{"colormag_page_container_layout":"default_layout","colormag_page_sidebar_layout":"default_layout","_s2mail":"","footnotes":""},"categories":[17],"tags":[],"_links":{"self":[{"href":"https:\/\/aviones.mindonium.es\/portal\/wp-json\/wp\/v2\/posts\/3148"}],"collection":[{"href":"https:\/\/aviones.mindonium.es\/portal\/wp-json\/wp\/v2\/posts"}],"about":[{"href":"https:\/\/aviones.mindonium.es\/portal\/wp-json\/wp\/v2\/types\/post"}],"author":[{"embeddable":true,"href":"https:\/\/aviones.mindonium.es\/portal\/wp-json\/wp\/v2\/users\/1"}],"replies":[{"embeddable":true,"href":"https:\/\/aviones.mindonium.es\/portal\/wp-json\/wp\/v2\/comments?post=3148"}],"version-history":[{"count":3,"href":"https:\/\/aviones.mindonium.es\/portal\/wp-json\/wp\/v2\/posts\/3148\/revisions"}],"predecessor-version":[{"id":3152,"href":"https:\/\/aviones.mindonium.es\/portal\/wp-json\/wp\/v2\/posts\/3148\/revisions\/3152"}],"wp:attachment":[{"href":"https:\/\/aviones.mindonium.es\/portal\/wp-json\/wp\/v2\/media?parent=3148"}],"wp:term":[{"taxonomy":"category","embeddable":true,"href":"https:\/\/aviones.mindonium.es\/portal\/wp-json\/wp\/v2\/categories?post=3148"},{"taxonomy":"post_tag","embeddable":true,"href":"https:\/\/aviones.mindonium.es\/portal\/wp-json\/wp\/v2\/tags?post=3148"}],"curies":[{"name":"wp","href":"https:\/\/api.w.org\/{rel}","templated":true}]}}