{"id":3111,"date":"2012-04-11T19:43:51","date_gmt":"2012-04-11T19:43:51","guid":{"rendered":"http:\/\/aviones.mindonium.es\/portal\/?p=3111"},"modified":"2018-08-12T18:05:17","modified_gmt":"2018-08-12T18:05:17","slug":"ii-feria-de-abril","status":"publish","type":"post","link":"https:\/\/aviones.mindonium.es\/portal\/2012\/04\/11\/ii-feria-de-abril\/","title":{"rendered":"II feria de Abril"},"content":{"rendered":"<p>El BAR MINI celebra este mes la II FERIA DE ABRIL el pr\u00f3ximo d\u00eda 13 , premios a los mejores trajes andaluces , rebujitos , finos , manzanilla , todo esto con la mejor m\u00fasica y bajo carpa.<\/p>\n<p><a href=\"http:\/\/aviones.mindonium.es\/portal\/wp-content\/uploads\/2012\/04\/feria-de-abril-012-web.jpg\" target=\"_blank\">Ver cartel<\/a><\/p>\n<p><a href=\"http:\/\/aviones.mindonium.es\/portal\/wp-content\/uploads\/2012\/04\/feria-de-abril-012-web.jpg\" target=\"_blank\"><img loading=\"lazy\" decoding=\"async\" class=\"aligncenter size-medium wp-image-3112\" src=\"http:\/\/aviones.mindonium.es\/portal\/wp-content\/uploads\/2012\/04\/feria-de-abril-012-web-212x300.jpg\" alt=\"\" width=\"212\" height=\"300\" srcset=\"https:\/\/aviones.mindonium.es\/portal\/wp-content\/uploads\/2012\/04\/feria-de-abril-012-web-212x300.jpg 212w, https:\/\/aviones.mindonium.es\/portal\/wp-content\/uploads\/2012\/04\/feria-de-abril-012-web-400x564.jpg 400w, https:\/\/aviones.mindonium.es\/portal\/wp-content\/uploads\/2012\/04\/feria-de-abril-012-web.jpg 709w\" sizes=\"(max-width: 212px) 100vw, 212px\" \/><\/a><\/p>\n<p>&nbsp;<\/p>\n<p><a href=\"http:\/\/www.mindonium.es\/\">Volver a inicio <\/a><\/p>\n<p><span style=\"color: #808080;\">Te gusta la web ? Quieres recibir en tu correo nuevas publicaciones ?<\/span><a href=\"http:\/\/aviones.mindonium.es\/portal\/wp-login.php?action=register\"> Reg\u00edstrate<\/a><\/p>\n","protected":false},"excerpt":{"rendered":"<p>El BAR MINI celebra este mes la II FERIA DE ABRIL el pr\u00f3ximo d\u00eda 13 , premios a los mejores<\/p>\n","protected":false},"author":1,"featured_media":0,"comment_status":"closed","ping_status":"closed","sticky":false,"template":"","format":"standard","meta":{"colormag_page_container_layout":"default_layout","colormag_page_sidebar_layout":"default_layout","_s2mail":"","footnotes":""},"categories":[17],"tags":[],"_links":{"self":[{"href":"https:\/\/aviones.mindonium.es\/portal\/wp-json\/wp\/v2\/posts\/3111"}],"collection":[{"href":"https:\/\/aviones.mindonium.es\/portal\/wp-json\/wp\/v2\/posts"}],"about":[{"href":"https:\/\/aviones.mindonium.es\/portal\/wp-json\/wp\/v2\/types\/post"}],"author":[{"embeddable":true,"href":"https:\/\/aviones.mindonium.es\/portal\/wp-json\/wp\/v2\/users\/1"}],"replies":[{"embeddable":true,"href":"https:\/\/aviones.mindonium.es\/portal\/wp-json\/wp\/v2\/comments?post=3111"}],"version-history":[{"count":4,"href":"https:\/\/aviones.mindonium.es\/portal\/wp-json\/wp\/v2\/posts\/3111\/revisions"}],"predecessor-version":[{"id":3116,"href":"https:\/\/aviones.mindonium.es\/portal\/wp-json\/wp\/v2\/posts\/3111\/revisions\/3116"}],"wp:attachment":[{"href":"https:\/\/aviones.mindonium.es\/portal\/wp-json\/wp\/v2\/media?parent=3111"}],"wp:term":[{"taxonomy":"category","embeddable":true,"href":"https:\/\/aviones.mindonium.es\/portal\/wp-json\/wp\/v2\/categories?post=3111"},{"taxonomy":"post_tag","embeddable":true,"href":"https:\/\/aviones.mindonium.es\/portal\/wp-json\/wp\/v2\/tags?post=3111"}],"curies":[{"name":"wp","href":"https:\/\/api.w.org\/{rel}","templated":true}]}}