{"id":3036,"date":"2012-04-01T12:44:26","date_gmt":"2012-04-01T12:44:26","guid":{"rendered":"http:\/\/aviones.mindonium.es\/portal\/?p=3036"},"modified":"2018-08-12T18:05:17","modified_gmt":"2018-08-12T18:05:17","slug":"fotografias-domingo-de-ramos","status":"publish","type":"post","link":"https:\/\/aviones.mindonium.es\/portal\/2012\/04\/01\/fotografias-domingo-de-ramos\/","title":{"rendered":"Fotograf\u00edas Semana Santa 2012"},"content":{"rendered":"<p>Con las procesiones del Santo Encuentro y la Soledad finalizamos este recorrido fotogr\u00e1fico por la semana Santa Mindoniense, un total de 145 im\u00e1genes para que pod\u00e1is disfrutar de estos d\u00edas de procesiones en la ciudad de Mondo\u00f1edo.<\/p>\n<p><a href=\"http:\/\/galeria.mindonium.es\/thumbnails.php?album=121\" target=\"_blank\">Ver fotos<\/a><\/p>\n<p><a href=\"http:\/\/galeria.mindonium.es\/thumbnails.php?album=121\" target=\"_blank\"><img loading=\"lazy\" decoding=\"async\" class=\"aligncenter size-full wp-image-3070\" src=\"http:\/\/aviones.mindonium.es\/portal\/wp-content\/uploads\/2012\/04\/1-10portada.jpg\" alt=\"\" width=\"300\" height=\"201\" \/><\/a><\/p>\n<p>Nuevas fotograf\u00edas de la Semana Santa Mindoniense del Santo Encuentro y la Procesi\u00f3n de Prendimiento<\/p>\n<p><a href=\"http:\/\/galeria.mindonium.es\/thumbnails.php?album=121\" target=\"_blank\">Ver fotos<\/a><\/p>\n<p><a href=\"http:\/\/galeria.mindonium.es\/thumbnails.php?album=121\" target=\"_blank\"><img loading=\"lazy\" decoding=\"async\" class=\"aligncenter size-full wp-image-3066\" src=\"http:\/\/aviones.mindonium.es\/portal\/wp-content\/uploads\/2012\/04\/1-1-portada.jpg\" alt=\"\" width=\"300\" height=\"201\" \/><\/a><\/p>\n<p>Seguimos publicando fotos de la Semana Santa Mindoniense, esta vez del Viacrucis Penitencial celebrado esta tarde con salida desde la iglesia de los Remedios hasta los Picos.<\/p>\n<p><a href=\"http:\/\/galeria.mindonium.es\/thumbnails.php?album=121\" target=\"_blank\">Ver fotos<\/a><\/p>\n<p><a href=\"http:\/\/galeria.mindonium.es\/thumbnails.php?album=121\" target=\"_blank\"><img loading=\"lazy\" decoding=\"async\" class=\"aligncenter size-full wp-image-3050\" src=\"http:\/\/aviones.mindonium.es\/portal\/wp-content\/uploads\/2012\/04\/1-13-portada.jpg\" alt=\"\" width=\"300\" height=\"201\" \/><\/a><\/p>\n<p>Seguimos ense\u00f1\u00e1ndote Mondo\u00f1edo en im\u00e1genes en este caso con las celebraciones de la Semana Santa Mindoniense , con la procesi\u00f3n del Ecce Home os dejamos hasta la pr\u00f3xima actualizaci\u00f3n<\/p>\n<p><a href=\"http:\/\/galeria.mindonium.es\/thumbnails.php?album=121\" target=\"_blank\">Ver fotos<\/a><\/p>\n<p><a href=\"http:\/\/galeria.mindonium.es\/thumbnails.php?album=121\" target=\"_blank\"><img loading=\"lazy\" decoding=\"async\" class=\"aligncenter size-full wp-image-3044\" src=\"http:\/\/aviones.mindonium.es\/portal\/wp-content\/uploads\/2012\/04\/procesion_ecce_homo_mindonium-9-portada.jpg\" alt=\"\" width=\"300\" height=\"201\" \/><\/a><\/p>\n<p>Ya est\u00e1n disponibles las primeras im\u00e1genes de la semana Santa Mindoniense con la celebraci\u00f3n del Domingo de Ramos, seguiremos publicando m\u00e1s im\u00e1genes a lo largo de las celebraciones de la semana Santa.<\/p>\n<p><a href=\"http:\/\/galeria.mindonium.es\/thumbnails.php?album=121\" target=\"_blank\">Ver fotos<\/a><\/p>\n<p><a href=\"http:\/\/galeria.mindonium.es\/thumbnails.php?album=121\" target=\"_blank\"><img loading=\"lazy\" decoding=\"async\" class=\"aligncenter size-full wp-image-3037\" src=\"http:\/\/aviones.mindonium.es\/portal\/wp-content\/uploads\/2012\/04\/domingo-de-ramos-_mindonium-5-portada.jpg\" alt=\"\" width=\"300\" height=\"201\" \/><\/a><a href=\"http:\/\/www.mindonium.es\/\">Volver a inicio<\/a><\/p>\n<p><span style=\"color: #808080;\">Te gusta la web ? Quieres recibir en tu correo nuevas publicaciones ?<\/span><a href=\"http:\/\/aviones.mindonium.es\/portal\/wp-login.php?action=register\"> Reg\u00edstrate<\/a><\/p>\n","protected":false},"excerpt":{"rendered":"<p>Con las procesiones del Santo Encuentro y la Soledad finalizamos este recorrido fotogr\u00e1fico por la semana Santa Mindoniense, un total<\/p>\n","protected":false},"author":1,"featured_media":0,"comment_status":"closed","ping_status":"closed","sticky":false,"template":"","format":"standard","meta":{"colormag_page_container_layout":"default_layout","colormag_page_sidebar_layout":"default_layout","_s2mail":"","footnotes":""},"categories":[17],"tags":[58,57,55,120,59,54,53],"_links":{"self":[{"href":"https:\/\/aviones.mindonium.es\/portal\/wp-json\/wp\/v2\/posts\/3036"}],"collection":[{"href":"https:\/\/aviones.mindonium.es\/portal\/wp-json\/wp\/v2\/posts"}],"about":[{"href":"https:\/\/aviones.mindonium.es\/portal\/wp-json\/wp\/v2\/types\/post"}],"author":[{"embeddable":true,"href":"https:\/\/aviones.mindonium.es\/portal\/wp-json\/wp\/v2\/users\/1"}],"replies":[{"embeddable":true,"href":"https:\/\/aviones.mindonium.es\/portal\/wp-json\/wp\/v2\/comments?post=3036"}],"version-history":[{"count":9,"href":"https:\/\/aviones.mindonium.es\/portal\/wp-json\/wp\/v2\/posts\/3036\/revisions"}],"predecessor-version":[{"id":7197,"href":"https:\/\/aviones.mindonium.es\/portal\/wp-json\/wp\/v2\/posts\/3036\/revisions\/7197"}],"wp:attachment":[{"href":"https:\/\/aviones.mindonium.es\/portal\/wp-json\/wp\/v2\/media?parent=3036"}],"wp:term":[{"taxonomy":"category","embeddable":true,"href":"https:\/\/aviones.mindonium.es\/portal\/wp-json\/wp\/v2\/categories?post=3036"},{"taxonomy":"post_tag","embeddable":true,"href":"https:\/\/aviones.mindonium.es\/portal\/wp-json\/wp\/v2\/tags?post=3036"}],"curies":[{"name":"wp","href":"https:\/\/api.w.org\/{rel}","templated":true}]}}