{"id":3022,"date":"2012-03-31T12:24:04","date_gmt":"2012-03-31T12:24:04","guid":{"rendered":"http:\/\/aviones.mindonium.es\/portal\/?p=3022"},"modified":"2018-08-12T18:05:17","modified_gmt":"2018-08-12T18:05:17","slug":"3022","status":"publish","type":"post","link":"https:\/\/aviones.mindonium.es\/portal\/2012\/03\/31\/3022\/","title":{"rendered":"Proyecci\u00f3n del film \u201cVilamor \u201c en el auditorio Municipal"},"content":{"rendered":"<p>Ayer se estren\u00f3 el film \u201c VILAMOR\u201d en Mondo\u00f1edo , la proyecci\u00f3n fue a las 20:00 horas en el Auditorio Municipal Pascual Veiga . Se seguir\u00e1 proyectando todo el fin de semana y durante la Semana Santa.<\/p>\n<p><strong>Pr\u00f3ximas proyecciones en el auditorio Municipal : <\/strong><\/p>\n<p><strong>31 de Marzo : 17:30 ,20:00 , 22:30<\/strong><\/p>\n<p><strong>1 de Abril : 17:30 , 20:00<\/strong><\/p>\n<p><strong>5 de Abril : 17:30 , 22:30<\/strong><\/p>\n<p><strong>6 de Abril : 17:30 , 22:30<\/strong><\/p>\n<p><strong>7 de Abril : 17:30 , 20:00 , 22:00<\/strong><\/p>\n<p><strong>8 de Abril : 17:30 , 20:00<\/strong><\/p>\n<p>Un film dirigido por Ignacio Vilar y protagonizada por : Rub\u00e9n Ri\u00f3s, Sabela Ar\u00e1n, Xoel Y\u00e1\u00f1ez, Tamara Canosa, Sheyla Fari\u00f1a, Rub\u00e9n Prieto, Paulo Serantes<\/p>\n<p>Sitio web : <a href=\"http:\/\/vilamor.eu\/gl\/\" target=\"_blank\">Vilamor<\/a><\/p>\n<p><a href=\"http:\/\/aviones.mindonium.es\/portal\/wp-content\/uploads\/2012\/03\/VILAMOR-CARATULA.jpg\" target=\"_blank\"><img loading=\"lazy\" decoding=\"async\" class=\"aligncenter size-medium wp-image-3025\" src=\"http:\/\/aviones.mindonium.es\/portal\/wp-content\/uploads\/2012\/03\/VILAMOR-CARATULA-211x300.jpg\" alt=\"\" width=\"211\" height=\"300\" srcset=\"https:\/\/aviones.mindonium.es\/portal\/wp-content\/uploads\/2012\/03\/VILAMOR-CARATULA-211x300.jpg 211w, https:\/\/aviones.mindonium.es\/portal\/wp-content\/uploads\/2012\/03\/VILAMOR-CARATULA-400x566.jpg 400w, https:\/\/aviones.mindonium.es\/portal\/wp-content\/uploads\/2012\/03\/VILAMOR-CARATULA.jpg 452w\" sizes=\"(max-width: 211px) 100vw, 211px\" \/><\/a><br \/>\n<a href=\"http:\/\/www.mindonium.es\/\">Volver a inicio<\/a><br \/>\n<span style=\"color: #808080;\">Te gusta la web ? Quieres recibir en tu correo nuevas publicaciones ?<\/span> <a href=\"http:\/\/aviones.mindonium.es\/portal\/wp-login.php?action=register\">Reg\u00edstrate<\/a><\/p>\n","protected":false},"excerpt":{"rendered":"<p>Ayer se estren\u00f3 el film \u201c VILAMOR\u201d en Mondo\u00f1edo , la proyecci\u00f3n fue a las 20:00 horas en el Auditorio<\/p>\n","protected":false},"author":1,"featured_media":0,"comment_status":"closed","ping_status":"closed","sticky":false,"template":"","format":"standard","meta":{"colormag_page_container_layout":"default_layout","colormag_page_sidebar_layout":"default_layout","_s2mail":"","footnotes":""},"categories":[17],"tags":[],"_links":{"self":[{"href":"https:\/\/aviones.mindonium.es\/portal\/wp-json\/wp\/v2\/posts\/3022"}],"collection":[{"href":"https:\/\/aviones.mindonium.es\/portal\/wp-json\/wp\/v2\/posts"}],"about":[{"href":"https:\/\/aviones.mindonium.es\/portal\/wp-json\/wp\/v2\/types\/post"}],"author":[{"embeddable":true,"href":"https:\/\/aviones.mindonium.es\/portal\/wp-json\/wp\/v2\/users\/1"}],"replies":[{"embeddable":true,"href":"https:\/\/aviones.mindonium.es\/portal\/wp-json\/wp\/v2\/comments?post=3022"}],"version-history":[{"count":10,"href":"https:\/\/aviones.mindonium.es\/portal\/wp-json\/wp\/v2\/posts\/3022\/revisions"}],"predecessor-version":[{"id":3033,"href":"https:\/\/aviones.mindonium.es\/portal\/wp-json\/wp\/v2\/posts\/3022\/revisions\/3033"}],"wp:attachment":[{"href":"https:\/\/aviones.mindonium.es\/portal\/wp-json\/wp\/v2\/media?parent=3022"}],"wp:term":[{"taxonomy":"category","embeddable":true,"href":"https:\/\/aviones.mindonium.es\/portal\/wp-json\/wp\/v2\/categories?post=3022"},{"taxonomy":"post_tag","embeddable":true,"href":"https:\/\/aviones.mindonium.es\/portal\/wp-json\/wp\/v2\/tags?post=3022"}],"curies":[{"name":"wp","href":"https:\/\/api.w.org\/{rel}","templated":true}]}}