{"id":2852,"date":"2012-03-07T20:43:11","date_gmt":"2012-03-07T20:43:11","guid":{"rendered":"http:\/\/aviones.mindonium.es\/portal\/?p=2852"},"modified":"2018-08-12T18:05:19","modified_gmt":"2018-08-12T18:05:19","slug":"ya-se-acerca-la-invernal-de-galicia","status":"publish","type":"post","link":"https:\/\/aviones.mindonium.es\/portal\/2012\/03\/07\/ya-se-acerca-la-invernal-de-galicia\/","title":{"rendered":"Ya se acerca la \u201c invernal de Galicia\u201d"},"content":{"rendered":"<p>Ya se acerca la \u201c INVERNAL DE GALICIA \u201c acabando de ultimar los \u00faltimos detalles para que todo salga sobre ruedas y Mondo\u00f1edo se llene de motos y gente , entre otras actividades para disfrutar de la exhibici\u00f3n acrob\u00e1tica de \u201cDANI CARRILO\u201d.<\/p>\n<p>La inscripci\u00f3n ( como en a\u00f1os anteriores ) ser\u00e1 de 25 \u20ac \u00a0\u00a0incluye cerveza y pincho de bienvenida, camiseta, pin conmemorativo, pegatina, cena del s\u00e1bado, consumici\u00f3n gratis, queimada popular, almuerzo, pinchos en la ruta tur\u00edstica del domingo, comida y numerosos regalos.<\/p>\n<p>Adem\u00e1s coincidiendo con la concentraci\u00f3n de motos EL BAR MINI celebra la fiesta de LA ESPICHA DE SIDRA a precios populares . Para m\u00e1s informaci\u00f3n puedes entrar en sus correspondientes espacios en la red :<\/p>\n<p><a href=\"http:\/\/www.motomondonedo.com\/\" target=\"_blank\">Motoclube ruta N-634<\/a><\/p>\n<p><a href=\"http:\/\/www.facebook.com\/people\/Bar-Mini-Mondo%C3%B1edo\/100002434348881\" target=\"_blank\">Bar Mini <\/a><\/p>\n<p><a href=\"http:\/\/aviones.mindonium.es\/portal\/wp-content\/uploads\/2012\/03\/cartel-motos-20121_web.jpg\" target=\"_blank\"><img loading=\"lazy\" decoding=\"async\" class=\"aligncenter size-medium wp-image-2854\" src=\"http:\/\/aviones.mindonium.es\/portal\/wp-content\/uploads\/2012\/03\/cartel-motos-20121_web-214x300.jpg\" alt=\"\" width=\"214\" height=\"300\" srcset=\"https:\/\/aviones.mindonium.es\/portal\/wp-content\/uploads\/2012\/03\/cartel-motos-20121_web-214x300.jpg 214w, https:\/\/aviones.mindonium.es\/portal\/wp-content\/uploads\/2012\/03\/cartel-motos-20121_web-400x560.jpg 400w, https:\/\/aviones.mindonium.es\/portal\/wp-content\/uploads\/2012\/03\/cartel-motos-20121_web-731x1024.jpg 731w, https:\/\/aviones.mindonium.es\/portal\/wp-content\/uploads\/2012\/03\/cartel-motos-20121_web.jpg 771w\" sizes=\"(max-width: 214px) 100vw, 214px\" \/><\/a><\/p>\n<p><a href=\"http:\/\/www.mindonium.es\/\">volver a inicio<\/a><\/p>\n<p><span style=\"color: #808080;\">Te gusta la web ? Quieres recibir en tu correo nuevas publicaciones ?<\/span> <a href=\"http:\/\/aviones.mindonium.es\/portal\/wp-login.php?action=register\">Reg\u00edstrate<\/a><\/p>\n","protected":false},"excerpt":{"rendered":"<p>Ya se acerca la \u201c INVERNAL DE GALICIA \u201c acabando de ultimar los \u00faltimos detalles para que todo salga sobre<\/p>\n","protected":false},"author":1,"featured_media":0,"comment_status":"closed","ping_status":"closed","sticky":false,"template":"","format":"standard","meta":{"colormag_page_container_layout":"default_layout","colormag_page_sidebar_layout":"default_layout","_s2mail":"","footnotes":""},"categories":[17],"tags":[],"_links":{"self":[{"href":"https:\/\/aviones.mindonium.es\/portal\/wp-json\/wp\/v2\/posts\/2852"}],"collection":[{"href":"https:\/\/aviones.mindonium.es\/portal\/wp-json\/wp\/v2\/posts"}],"about":[{"href":"https:\/\/aviones.mindonium.es\/portal\/wp-json\/wp\/v2\/types\/post"}],"author":[{"embeddable":true,"href":"https:\/\/aviones.mindonium.es\/portal\/wp-json\/wp\/v2\/users\/1"}],"replies":[{"embeddable":true,"href":"https:\/\/aviones.mindonium.es\/portal\/wp-json\/wp\/v2\/comments?post=2852"}],"version-history":[{"count":5,"href":"https:\/\/aviones.mindonium.es\/portal\/wp-json\/wp\/v2\/posts\/2852\/revisions"}],"predecessor-version":[{"id":2858,"href":"https:\/\/aviones.mindonium.es\/portal\/wp-json\/wp\/v2\/posts\/2852\/revisions\/2858"}],"wp:attachment":[{"href":"https:\/\/aviones.mindonium.es\/portal\/wp-json\/wp\/v2\/media?parent=2852"}],"wp:term":[{"taxonomy":"category","embeddable":true,"href":"https:\/\/aviones.mindonium.es\/portal\/wp-json\/wp\/v2\/categories?post=2852"},{"taxonomy":"post_tag","embeddable":true,"href":"https:\/\/aviones.mindonium.es\/portal\/wp-json\/wp\/v2\/tags?post=2852"}],"curies":[{"name":"wp","href":"https:\/\/api.w.org\/{rel}","templated":true}]}}