{"id":2691,"date":"2012-01-25T09:44:32","date_gmt":"2012-01-25T09:44:32","guid":{"rendered":"http:\/\/aviones.mindonium.es\/portal\/?p=2691"},"modified":"2018-08-12T18:05:20","modified_gmt":"2018-08-12T18:05:20","slug":"reunion-con-el-coselleiro-de-industria-javier-guerra","status":"publish","type":"post","link":"https:\/\/aviones.mindonium.es\/portal\/2012\/01\/25\/reunion-con-el-coselleiro-de-industria-javier-guerra\/","title":{"rendered":"Reuni\u00f3n con el Conselleiro de industria Javier Guerra"},"content":{"rendered":"<p>Na reuni\u00f3n celebrada esta tarde (martes, 24 de decembro de 2012) no consistorio de Mondo\u00f1edo na que participaron o Conselleiro de Industria, Javier Guerra; membros do comit\u00e9 de empresa de ECAR-FINSA e representantes da corporaci\u00f3n municipal pux\u00e9ronse sobre a mesa varias alternativas ante o peche da factoria mindoniense. En palabras do alcalde de Mondo\u00f1edo, Orlando Gonz\u00e1lez \u201cO conselleiro foi claro e non creou falsas expectativas, algo que \u00e9 moi de agradecer\u201d.<br \/>\nO Conselleiro informou sobre as xesti\u00f3ns realizadas perante FINSA para evitar o peche da f\u00e1brica logo de varias reuni\u00f3ns e deixou claro que non hai marcha atr\u00e1s, que \u00e9 unha decisi\u00f3n meditada, que non se trata de que busquen axudas econ\u00f3micas por parte da administraci\u00f3n sen\u00f3n que a decisi\u00f3n do peche \u00e9 unha estratexia empresarial. A pesar da dura realidade o Conselleiro comprometouse a mediar coa Conseller\u00eda de Traballo para intentar que o ERE de ECAR deixe de ser de extinci\u00f3n para convertirse nun de suspensi\u00f3n.<br \/>\nEntre as alternativas que se plantexaron destaca a posibilidade de que os empregados da factor\u00eda se organicen nunha cooperativa ou f\u00f3rmula similar para continuar coa xesti\u00f3n da empresa para o cal a conseller\u00eda por\u00eda medios t\u00e9cnicos e econ\u00f3micos, con axudas que poder\u00edan alcanzar o 50% das inversi\u00f3ns. Este apoio non se reduce unicamente aos traballadores da factor\u00eda sen\u00f3n que se alg\u00fan outro emprendedor dedice iniciar alg\u00fan tipo de actividade industrial na zona tam\u00e9n se poder\u00eda beneficiar delas.<br \/>\nOs obreiros de ECAR fixaron para ma\u00f1\u00e1 unha asemblea xeral de traballadores na que tratar\u00e1n, entre outros temas a posibilidade de autoxestionar a f\u00e1brica.<br \/>\nTam\u00e9n se decidiu a creaci\u00f3n dunha comisi\u00f3n integrada polo alcalde de Mondo\u00f1edo, portavoces municipais e t\u00e9cnicos da Conseller\u00eda para facer un seguimento da situci\u00f3n e buscar medidas compensadoras ante a perda de tantos postos de traballo. Esta comisi\u00f3n reunirase o vindeiro luns na Casa do Concello de Mondo\u00f1edo \u00e1s doce do mediod\u00eda.<br \/>\nPolo que respecta a outras alternativas compensadoras para a zona, como por exemplo a de creaci\u00f3n dunha residencia de anci\u00e1ns en Mondo\u00f1edo o conselleiro informou que non est\u00e1n dentro das s\u00faas competencias, pero que a comisi\u00f3n que se vai crear pode contemplar esta iniciativa igual que calquera outra que poda xurdir.<br \/>\nAntes do inicio da reuni\u00f3n, centenares de mindonieses as\u00ed como veci\u00f1os de localidades pr\u00f3ximas entre os que destacaba un grupo de traballadores da empresa Hermida de Lourenz\u00e1 congreg\u00e1ronse \u00e1s portas da Casa do Concello de Mondo\u00f1edo en se\u00f1al de apoio aos traballadores de ECAR e para mostrar uni\u00f3n ante a problem\u00e1tica laboral na comarca.<br \/>\n<strong>FRAN BOUSO<\/strong><\/p>\n<p><a href=\"http:\/\/galeria.mindonium.es\/thumbnails.php?album=117\" target=\"_blank\">Ver Fotograf\u00edas<\/a><strong><\/strong><\/p>\n<p><strong><a href=\"http:\/\/galeria.mindonium.es\/thumbnails.php?album=117\" target=\"_blank\"><img loading=\"lazy\" decoding=\"async\" class=\"aligncenter size-full wp-image-2693\" src=\"http:\/\/aviones.mindonium.es\/portal\/wp-content\/uploads\/2012\/01\/PORTADA3.jpg\" alt=\"\" width=\"300\" height=\"200\" \/><\/a><br \/>\n<\/strong><a href=\"http:\/\/www.mindonium.es\/\">Volver a inicio<\/a><\/p>\n<h5><span style=\"color: #808080;\">Te gusta la web ? Quieres recibir en tu correo nuevas publicaciones ?<\/span><a href=\"http:\/\/aviones.mindonium.es\/portal\/wp-login.php?action=register\"> Reg\u00edstrate<\/a><\/h5>\n","protected":false},"excerpt":{"rendered":"<p>Na reuni\u00f3n celebrada esta tarde (martes, 24 de decembro de 2012) no consistorio de Mondo\u00f1edo na que participaron o Conselleiro<\/p>\n","protected":false},"author":1,"featured_media":0,"comment_status":"closed","ping_status":"closed","sticky":false,"template":"","format":"standard","meta":{"colormag_page_container_layout":"default_layout","colormag_page_sidebar_layout":"default_layout","_s2mail":"","footnotes":""},"categories":[47],"tags":[],"_links":{"self":[{"href":"https:\/\/aviones.mindonium.es\/portal\/wp-json\/wp\/v2\/posts\/2691"}],"collection":[{"href":"https:\/\/aviones.mindonium.es\/portal\/wp-json\/wp\/v2\/posts"}],"about":[{"href":"https:\/\/aviones.mindonium.es\/portal\/wp-json\/wp\/v2\/types\/post"}],"author":[{"embeddable":true,"href":"https:\/\/aviones.mindonium.es\/portal\/wp-json\/wp\/v2\/users\/1"}],"replies":[{"embeddable":true,"href":"https:\/\/aviones.mindonium.es\/portal\/wp-json\/wp\/v2\/comments?post=2691"}],"version-history":[{"count":9,"href":"https:\/\/aviones.mindonium.es\/portal\/wp-json\/wp\/v2\/posts\/2691\/revisions"}],"predecessor-version":[{"id":7203,"href":"https:\/\/aviones.mindonium.es\/portal\/wp-json\/wp\/v2\/posts\/2691\/revisions\/7203"}],"wp:attachment":[{"href":"https:\/\/aviones.mindonium.es\/portal\/wp-json\/wp\/v2\/media?parent=2691"}],"wp:term":[{"taxonomy":"category","embeddable":true,"href":"https:\/\/aviones.mindonium.es\/portal\/wp-json\/wp\/v2\/categories?post=2691"},{"taxonomy":"post_tag","embeddable":true,"href":"https:\/\/aviones.mindonium.es\/portal\/wp-json\/wp\/v2\/tags?post=2691"}],"curies":[{"name":"wp","href":"https:\/\/api.w.org\/{rel}","templated":true}]}}