{"id":2679,"date":"2012-01-24T22:20:47","date_gmt":"2012-01-24T22:20:47","guid":{"rendered":"http:\/\/aviones.mindonium.es\/portal\/?p=2679"},"modified":"2018-08-12T18:05:20","modified_gmt":"2018-08-12T18:05:20","slug":"fotografias-nueva-concentracion-en-contra-del-cierre-de-la-planta-de-finsa-ecar","status":"publish","type":"post","link":"https:\/\/aviones.mindonium.es\/portal\/2012\/01\/24\/fotografias-nueva-concentracion-en-contra-del-cierre-de-la-planta-de-finsa-ecar\/","title":{"rendered":"Fotograf\u00edas nueva concentraci\u00f3n en contra del cierre de la planta de Finsa-ECAR"},"content":{"rendered":"<p>Con asociaciones y vecinos concentrados ante el Concello en se\u00f1al de  apoyo a los trabajadores de Ecar y en defensa de los puestos de trabajo,  llegaba a Mondo\u00f1edo el conselleiro de Industria para reunirse con los  miembros de la corporaci\u00f3n y el comit\u00e9. Antes de entrar Guerra anunci\u00f3  que est\u00e1n haciendo gestiones para intentar buscar un comprador que se  ponga al frente de la f\u00e1brica mindoniense y con el objetivo de mantener  los puestos de trabajo. No desvel\u00f3 quien podr\u00eda ser ese comprador,  aunque se\u00f1al\u00f3 que tendr\u00eda que dedicarse a otra actividad diferente  porque el grupo Finsa va a llevarse las m\u00e1quinas y, se deduce, no desea  competencia. Tampoco descart\u00f3 la posibilidad de que sean los  trabajadores quienes se pongan al frente. Todos ellos tendr\u00e1n, dijo, el  apoyo de la Xunta y del Igape, con la l\u00ednea de ayudas del Impulsa Lugo.<\/p>\n<p>Texto : <a href=\"http:\/\/www.lavozdegalicia.es\/noticia\/amarina\/2012\/01\/24\/conselleiro-industria-anuncio-mondonedo-haciendo-gestiones-empresa-incluso-trabajadores-queden-ecar\/00031327432458028221630.htm\" target=\"_blank\"><span style=\"color: #808080;\">La\u00a0 voz de a Mari\u00f1a<\/span><\/a><\/p>\n<p><a href=\"http:\/\/galeria.mindonium.es\/thumbnails.php?album=117\" target=\"_blank\">Ver fotograf\u00edas<\/a><\/p>\n<p><a href=\"http:\/\/galeria.mindonium.es\/thumbnails.php?album=117\" target=\"_blank\"><img loading=\"lazy\" decoding=\"async\" class=\"aligncenter size-full wp-image-2683\" src=\"http:\/\/aviones.mindonium.es\/portal\/wp-content\/uploads\/2012\/01\/PORTADA2.jpg\" alt=\"\" width=\"300\" height=\"200\" \/><\/a><\/p>\n<p><a href=\"http:\/\/www.mindonium.es\/\">Volver a inicio<\/a><\/p>\n<h5><span style=\"color: #808080;\">Te gusta la web ? Quieres recibir en tu correo nuevas publicaciones ?<\/span><a href=\"http:\/\/aviones.mindonium.es\/portal\/wp-login.php?action=register\"> Reg\u00edstrate<\/a><\/h5>\n","protected":false},"excerpt":{"rendered":"<p>Con asociaciones y vecinos concentrados ante el Concello en se\u00f1al de apoyo a los trabajadores de Ecar y en defensa<\/p>\n","protected":false},"author":1,"featured_media":0,"comment_status":"closed","ping_status":"closed","sticky":false,"template":"","format":"standard","meta":{"colormag_page_container_layout":"default_layout","colormag_page_sidebar_layout":"default_layout","_s2mail":"","footnotes":""},"categories":[17],"tags":[],"_links":{"self":[{"href":"https:\/\/aviones.mindonium.es\/portal\/wp-json\/wp\/v2\/posts\/2679"}],"collection":[{"href":"https:\/\/aviones.mindonium.es\/portal\/wp-json\/wp\/v2\/posts"}],"about":[{"href":"https:\/\/aviones.mindonium.es\/portal\/wp-json\/wp\/v2\/types\/post"}],"author":[{"embeddable":true,"href":"https:\/\/aviones.mindonium.es\/portal\/wp-json\/wp\/v2\/users\/1"}],"replies":[{"embeddable":true,"href":"https:\/\/aviones.mindonium.es\/portal\/wp-json\/wp\/v2\/comments?post=2679"}],"version-history":[{"count":8,"href":"https:\/\/aviones.mindonium.es\/portal\/wp-json\/wp\/v2\/posts\/2679\/revisions"}],"predecessor-version":[{"id":2688,"href":"https:\/\/aviones.mindonium.es\/portal\/wp-json\/wp\/v2\/posts\/2679\/revisions\/2688"}],"wp:attachment":[{"href":"https:\/\/aviones.mindonium.es\/portal\/wp-json\/wp\/v2\/media?parent=2679"}],"wp:term":[{"taxonomy":"category","embeddable":true,"href":"https:\/\/aviones.mindonium.es\/portal\/wp-json\/wp\/v2\/categories?post=2679"},{"taxonomy":"post_tag","embeddable":true,"href":"https:\/\/aviones.mindonium.es\/portal\/wp-json\/wp\/v2\/tags?post=2679"}],"curies":[{"name":"wp","href":"https:\/\/api.w.org\/{rel}","templated":true}]}}