{"id":1914,"date":"2011-10-29T06:56:07","date_gmt":"2011-10-29T06:56:07","guid":{"rendered":"http:\/\/aviones.mindonium.es\/portal\/?p=1914"},"modified":"2018-08-12T18:05:24","modified_gmt":"2018-08-12T18:05:24","slug":"termina-noviembre-tapeando-en-mondonedo","status":"publish","type":"post","link":"https:\/\/aviones.mindonium.es\/portal\/2011\/10\/29\/termina-noviembre-tapeando-en-mondonedo\/","title":{"rendered":"Termina Noviembre tapeando en Mondo\u00f1edo"},"content":{"rendered":"<p>Un a\u00f1o m\u00e1s, y con este ya van  cinco y con el lema &#8220;TERMINA NOVIEMBRE TAPEANDO EN MONDO\u00d1EDO.&#8221; Los pr\u00f3ximos d\u00edas ,  25 26 y 27 de noviembre se celebra en Mondo\u00f1edo el &#8220;V Concurso de tapas ciudad de Mondo\u00f1edo&#8221; La organizaci\u00f3n mantiene el plazo de inscripci\u00f3n hasta el 3 de noviembre. Hasta ahora se an  inscrito los siguientes establecimientos :<br \/>\n<strong>A Taberna do Valeco<br \/>\n&#8211; A Bodegui\u00f1a<br \/>\n&#8211; A Tasca<br \/>\n&#8211; Bar Castro<br \/>\n&#8211; Bar Mini<br \/>\n&#8211; O Novo Bar da Fonte Vella<br \/>\n&#8211; Bodeg\u00f3n A Catedral<br \/>\n&#8211; Bar Central<br \/>\n&#8211; Cafeter\u00eda Centro Social<br \/>\n&#8211; Mes\u00f3n Os Arcos<br \/>\n&#8211; Cafeter\u00eda O Rei das Tartas<br \/>\n&#8211; Baremoto<br \/>\n&#8211; Cafeter\u00eda Hector<br \/>\n&#8211; O Rinc\u00f3n de Mondo\u00f1edo<\/strong><br \/>\nLos locales inscritos tienen un plazo hasta el d\u00eda 4 de Noviembre para comunicar a la organizaci\u00f3n el nombre de tapas y hacer efectivo el ingreso de 80 \u20ac en la cuenta de A.C.I.A.M de Mondo\u00f1edo en el Banco Popular.<br \/>\nEl jurado est\u00e1 compuesto por miembros de la escuela de hosteler\u00eda de Foz y miembros de la directiva de A.C.I.A.M . Se premiara  a la mejor tapa tradicional y creativa . Tambi\u00e9n se premiara   a la mejor tapa que elijan los clientes.<br \/>\nComo novedad este a\u00f1o el cartel anunciador ser\u00e1 el que resulte ganador del concurso de dibujo celebrado en el C.E.I.P \u00c1lvaro Cunqueiro y pr\u00f3ximamente anunciaremos el ganador del mismo.<\/p>\n<p><a href=\"http:\/\/aviones.mindonium.es\/portal\/wp-content\/uploads\/2011\/10\/O-novo-Bar-Da-Fontevella-web.jpg\" target=\"_blank\"><img loading=\"lazy\" decoding=\"async\" class=\"aligncenter size-medium wp-image-1917\" title=\"O novo Bar Da Fontevella\" src=\"http:\/\/aviones.mindonium.es\/portal\/wp-content\/uploads\/2011\/10\/O-novo-Bar-Da-Fontevella-web-300x225.jpg\" alt=\"\" width=\"300\" height=\"225\" srcset=\"https:\/\/aviones.mindonium.es\/portal\/wp-content\/uploads\/2011\/10\/O-novo-Bar-Da-Fontevella-web-300x225.jpg 300w, https:\/\/aviones.mindonium.es\/portal\/wp-content\/uploads\/2011\/10\/O-novo-Bar-Da-Fontevella-web-400x300.jpg 400w, https:\/\/aviones.mindonium.es\/portal\/wp-content\/uploads\/2011\/10\/O-novo-Bar-Da-Fontevella-web-1024x768.jpg 1024w, https:\/\/aviones.mindonium.es\/portal\/wp-content\/uploads\/2011\/10\/O-novo-Bar-Da-Fontevella-web.jpg 1440w\" sizes=\"(max-width: 300px) 100vw, 300px\" \/><\/a><\/p>\n<p><a href=\"http:\/\/www.mindonium.es\/\">Volver a inicio<\/a><\/p>\n<h5><span style=\"color: #808080;\">Te gusta la web ? Quieres recibir en tu correo nuevas publicaciones ?<\/span><a href=\"http:\/\/aviones.mindonium.es\/portal\/wp-login.php?action=register\"> Reg\u00edstrate<\/a><\/h5>\n","protected":false},"excerpt":{"rendered":"<p>Un a\u00f1o m\u00e1s, y con este ya van cinco y con el lema &#8220;TERMINA NOVIEMBRE TAPEANDO EN MONDO\u00d1EDO.&#8221; Los pr\u00f3ximos<\/p>\n","protected":false},"author":1,"featured_media":0,"comment_status":"closed","ping_status":"closed","sticky":false,"template":"","format":"standard","meta":{"colormag_page_container_layout":"default_layout","colormag_page_sidebar_layout":"default_layout","_s2mail":"","footnotes":""},"categories":[17],"tags":[39,40,41,120,38,37],"_links":{"self":[{"href":"https:\/\/aviones.mindonium.es\/portal\/wp-json\/wp\/v2\/posts\/1914"}],"collection":[{"href":"https:\/\/aviones.mindonium.es\/portal\/wp-json\/wp\/v2\/posts"}],"about":[{"href":"https:\/\/aviones.mindonium.es\/portal\/wp-json\/wp\/v2\/types\/post"}],"author":[{"embeddable":true,"href":"https:\/\/aviones.mindonium.es\/portal\/wp-json\/wp\/v2\/users\/1"}],"replies":[{"embeddable":true,"href":"https:\/\/aviones.mindonium.es\/portal\/wp-json\/wp\/v2\/comments?post=1914"}],"version-history":[{"count":10,"href":"https:\/\/aviones.mindonium.es\/portal\/wp-json\/wp\/v2\/posts\/1914\/revisions"}],"predecessor-version":[{"id":1926,"href":"https:\/\/aviones.mindonium.es\/portal\/wp-json\/wp\/v2\/posts\/1914\/revisions\/1926"}],"wp:attachment":[{"href":"https:\/\/aviones.mindonium.es\/portal\/wp-json\/wp\/v2\/media?parent=1914"}],"wp:term":[{"taxonomy":"category","embeddable":true,"href":"https:\/\/aviones.mindonium.es\/portal\/wp-json\/wp\/v2\/categories?post=1914"},{"taxonomy":"post_tag","embeddable":true,"href":"https:\/\/aviones.mindonium.es\/portal\/wp-json\/wp\/v2\/tags?post=1914"}],"curies":[{"name":"wp","href":"https:\/\/api.w.org\/{rel}","templated":true}]}}