{"id":1831,"date":"2011-10-24T06:07:55","date_gmt":"2011-10-24T06:07:55","guid":{"rendered":"http:\/\/aviones.mindonium.es\/portal\/?p=1831"},"modified":"2018-08-12T18:05:24","modified_gmt":"2018-08-12T18:05:24","slug":"video-iii-trial-social-mondonedo","status":"publish","type":"post","link":"https:\/\/aviones.mindonium.es\/portal\/2011\/10\/24\/video-iii-trial-social-mondonedo\/","title":{"rendered":"Fotograf\u00edas y v\u00eddeo III trial social Mondo\u00f1edo"},"content":{"rendered":"<p>Hace unos d\u00edas se celebr\u00f3 el III TRIAL SOCIAL DE MONDO\u00d1EDO , esta web colabor\u00f3 con un video del evento . Ahora tambi\u00e9n se pueden disfrutar de las fotograf\u00edas enviadas al mail de la web por Camelia Alba Plena , muchas gracias por colaborar y tambi\u00e9n gracias a Arturo y Esperanza<\/p>\n<p><a href=\"http:\/\/galeria.mindonium.es\/thumbnails.php?album=112\" target=\"_blank\">Ver fotos<\/a><\/p>\n<p><a href=\"http:\/\/galeria.mindonium.es\/thumbnails.php?album=112\" target=\"_blank\"><img loading=\"lazy\" decoding=\"async\" class=\"aligncenter size-full wp-image-2055\" src=\"http:\/\/aviones.mindonium.es\/portal\/wp-content\/uploads\/2011\/10\/Alberto-Cageao-estuvo-de-nuevo-con-sus-amigos-gallegos_web.jpg\" alt=\"\" width=\"300\" height=\"200\" \/><\/a><\/p>\n<p>Video resumen de lo que fue el trial social Mondo\u00f1edo celebrado en el \u00e1rea recreativa de la Fervenza , en las categor\u00edas copa gallega trial infantil y la copa gallega trial clasicas.<\/p>\n<p><object style=\"height: 390px; width: 640px;\"><param name=\"movie\" value=\"http:\/\/www.youtube.com\/v\/6bpJEVh1KfM?version=3&amp;feature=player_detailpage\" \/><param name=\"allowFullScreen\" value=\"true\" \/><param name=\"allowScriptAccess\" value=\"always\" \/><embed type=\"application\/x-shockwave-flash\" width=\"500\" height=\"385\" src=\"http:\/\/www.youtube.com\/v\/6bpJEVh1KfM?version=3&amp;feature=player_detailpage\" allowfullscreen=\"true\" allowscriptaccess=\"always\"><\/embed><\/object><\/p>\n<p><a href=\"http:\/\/www.mindonium.es\/\">Volver a inicio<\/a><\/p>\n<h5><span style=\"color: #808080;\">Te gusta la web ? Quieres recibir en tu correo nuevas publicaciones ?<\/span><a href=\"http:\/\/aviones.mindonium.es\/portal\/wp-login.php?action=register\"> Reg\u00edstrate<\/a><\/h5>\n","protected":false},"excerpt":{"rendered":"<p>Hace unos d\u00edas se celebr\u00f3 el III TRIAL SOCIAL DE MONDO\u00d1EDO , esta web colabor\u00f3 con un video del evento<\/p>\n","protected":false},"author":1,"featured_media":0,"comment_status":"closed","ping_status":"closed","sticky":false,"template":"","format":"standard","meta":{"colormag_page_container_layout":"default_layout","colormag_page_sidebar_layout":"default_layout","_s2mail":"","footnotes":""},"categories":[17,18],"tags":[44,43,120,42],"_links":{"self":[{"href":"https:\/\/aviones.mindonium.es\/portal\/wp-json\/wp\/v2\/posts\/1831"}],"collection":[{"href":"https:\/\/aviones.mindonium.es\/portal\/wp-json\/wp\/v2\/posts"}],"about":[{"href":"https:\/\/aviones.mindonium.es\/portal\/wp-json\/wp\/v2\/types\/post"}],"author":[{"embeddable":true,"href":"https:\/\/aviones.mindonium.es\/portal\/wp-json\/wp\/v2\/users\/1"}],"replies":[{"embeddable":true,"href":"https:\/\/aviones.mindonium.es\/portal\/wp-json\/wp\/v2\/comments?post=1831"}],"version-history":[{"count":6,"href":"https:\/\/aviones.mindonium.es\/portal\/wp-json\/wp\/v2\/posts\/1831\/revisions"}],"predecessor-version":[{"id":7217,"href":"https:\/\/aviones.mindonium.es\/portal\/wp-json\/wp\/v2\/posts\/1831\/revisions\/7217"}],"wp:attachment":[{"href":"https:\/\/aviones.mindonium.es\/portal\/wp-json\/wp\/v2\/media?parent=1831"}],"wp:term":[{"taxonomy":"category","embeddable":true,"href":"https:\/\/aviones.mindonium.es\/portal\/wp-json\/wp\/v2\/categories?post=1831"},{"taxonomy":"post_tag","embeddable":true,"href":"https:\/\/aviones.mindonium.es\/portal\/wp-json\/wp\/v2\/tags?post=1831"}],"curies":[{"name":"wp","href":"https:\/\/api.w.org\/{rel}","templated":true}]}}