{"id":1758,"date":"2011-10-16T16:45:20","date_gmt":"2011-10-16T16:45:20","guid":{"rendered":"http:\/\/aviones.mindonium.es\/portal\/?p=1758"},"modified":"2018-08-12T18:05:25","modified_gmt":"2018-08-12T18:05:25","slug":"manifestacion-en-contra-de-los-despidos-de-muebles-hermida","status":"publish","type":"post","link":"https:\/\/aviones.mindonium.es\/portal\/2011\/10\/16\/manifestacion-en-contra-de-los-despidos-de-muebles-hermida\/","title":{"rendered":"Manifestaci\u00f3n en contra de los despidos de Muebles Hermida"},"content":{"rendered":"<p>Este Domingo se celebr\u00f3 una manifestaci\u00f3n en contra de los despidos de Muebles Hermida , a las 12 de la ma\u00f1ana se reunieron delante de la gasolinera en Mondo\u00f1edo para despu\u00e9s partir por la traves\u00eda del Rey de las tartas hasta la Alameda de los Remedios.<\/p>\n<p><a href=\"http:\/\/galeria.mindonium.es\/thumbnails.php?album=110\" target=\"_blank\">Ver fotograf\u00edas<\/a><\/p>\n<p><a href=\"http:\/\/galeria.mindonium.es\/thumbnails.php?album=110\" target=\"_blank\"><img loading=\"lazy\" decoding=\"async\" class=\"aligncenter size-medium wp-image-1759\" src=\"http:\/\/aviones.mindonium.es\/portal\/wp-content\/uploads\/2011\/10\/PORTADA3-300x200.jpg\" alt=\"\" width=\"300\" height=\"200\" srcset=\"https:\/\/aviones.mindonium.es\/portal\/wp-content\/uploads\/2011\/10\/PORTADA3-300x200.jpg 300w, https:\/\/aviones.mindonium.es\/portal\/wp-content\/uploads\/2011\/10\/PORTADA3.jpg 314w\" sizes=\"(max-width: 300px) 100vw, 300px\" \/><\/a><\/p>\n<p><a href=\"http:\/\/www.mindonium.es\/\">Volver a inicio<\/a><\/p>\n<h5><span style=\"color: #808080;\">Te gusta la web ? Quieres recibir en tu correo nuevas publicaciones ?<\/span> <a href=\"http:\/\/aviones.mindonium.es\/portal\/wp-login.php?action=register\">Reg\u00edstrate<\/a><\/h5>\n","protected":false},"excerpt":{"rendered":"<p>Este Domingo se celebr\u00f3 una manifestaci\u00f3n en contra de los despidos de Muebles Hermida , a las 12 de la<\/p>\n","protected":false},"author":1,"featured_media":0,"comment_status":"closed","ping_status":"closed","sticky":false,"template":"","format":"standard","meta":{"colormag_page_container_layout":"default_layout","colormag_page_sidebar_layout":"default_layout","_s2mail":"","footnotes":""},"categories":[17],"tags":[],"_links":{"self":[{"href":"https:\/\/aviones.mindonium.es\/portal\/wp-json\/wp\/v2\/posts\/1758"}],"collection":[{"href":"https:\/\/aviones.mindonium.es\/portal\/wp-json\/wp\/v2\/posts"}],"about":[{"href":"https:\/\/aviones.mindonium.es\/portal\/wp-json\/wp\/v2\/types\/post"}],"author":[{"embeddable":true,"href":"https:\/\/aviones.mindonium.es\/portal\/wp-json\/wp\/v2\/users\/1"}],"replies":[{"embeddable":true,"href":"https:\/\/aviones.mindonium.es\/portal\/wp-json\/wp\/v2\/comments?post=1758"}],"version-history":[{"count":4,"href":"https:\/\/aviones.mindonium.es\/portal\/wp-json\/wp\/v2\/posts\/1758\/revisions"}],"predecessor-version":[{"id":7218,"href":"https:\/\/aviones.mindonium.es\/portal\/wp-json\/wp\/v2\/posts\/1758\/revisions\/7218"}],"wp:attachment":[{"href":"https:\/\/aviones.mindonium.es\/portal\/wp-json\/wp\/v2\/media?parent=1758"}],"wp:term":[{"taxonomy":"category","embeddable":true,"href":"https:\/\/aviones.mindonium.es\/portal\/wp-json\/wp\/v2\/categories?post=1758"},{"taxonomy":"post_tag","embeddable":true,"href":"https:\/\/aviones.mindonium.es\/portal\/wp-json\/wp\/v2\/tags?post=1758"}],"curies":[{"name":"wp","href":"https:\/\/api.w.org\/{rel}","templated":true}]}}