{"id":1724,"date":"2011-10-11T12:04:39","date_gmt":"2011-10-11T12:04:39","guid":{"rendered":"http:\/\/aviones.mindonium.es\/portal\/?p=1724"},"modified":"2018-08-12T18:05:25","modified_gmt":"2018-08-12T18:05:25","slug":"manifestacion-en-mondonedo-sabado-15-de-octubre","status":"publish","type":"post","link":"https:\/\/aviones.mindonium.es\/portal\/2011\/10\/11\/manifestacion-en-mondonedo-sabado-15-de-octubre\/","title":{"rendered":"Manifestaci\u00f3n en Mondo\u00f1edo , S\u00e1bado 15 de octubre"},"content":{"rendered":"<p>Este pr\u00f3ximo s\u00e1bado 15 de octubre , tendr\u00e1 lugar en Mondo\u00f1edo una manifestaci\u00f3n por el cambio de modelo pol\u00edtico y social en la plaza de la catedral , donde se leer\u00e1 un manifiesto , de seguido tendr\u00e1 lugar un recorrido por las calles de la ciudad.<\/p>\n<p>Clicar en la im\u00e1gen para verla a tama\u00f1o completo<\/p>\n<p><a href=\"http:\/\/aviones.mindonium.es\/portal\/wp-content\/uploads\/2011\/10\/Manifa_15Outubro.jpg\" target=\"_blank\"><img loading=\"lazy\" decoding=\"async\" class=\"aligncenter size-medium wp-image-1725\" src=\"http:\/\/aviones.mindonium.es\/portal\/wp-content\/uploads\/2011\/10\/Manifa_15Outubro-212x300.jpg\" alt=\"\" width=\"212\" height=\"300\" srcset=\"https:\/\/aviones.mindonium.es\/portal\/wp-content\/uploads\/2011\/10\/Manifa_15Outubro-212x300.jpg 212w, https:\/\/aviones.mindonium.es\/portal\/wp-content\/uploads\/2011\/10\/Manifa_15Outubro-400x565.jpg 400w, https:\/\/aviones.mindonium.es\/portal\/wp-content\/uploads\/2011\/10\/Manifa_15Outubro-724x1024.jpg 724w, https:\/\/aviones.mindonium.es\/portal\/wp-content\/uploads\/2011\/10\/Manifa_15Outubro.jpg 764w\" sizes=\"(max-width: 212px) 100vw, 212px\" \/><\/a><\/p>\n<p>Accesos : <!-- Empieza el c\u00f3digo del contador de visitas --><br \/>\n<script src=\"http:\/\/www.01global.com\/esp\/contador-de-visitas\/getcount.php?id=61408e3afb12380\"><\/script><noscript> <a href=\"http:\/\/www.01global.com\/esp\/contador-de-visitas\/\">contador de visitas<\/a> &#038; <a href=\"http:\/\/www.01global.com\/esp\/\"><img loading=\"lazy\" decoding=\"async\" src=\"http:\/\/www.01global.com\/esp\/contador-de-visitas\/estadisticas.gif\" alt=\"alojamiento web\" width=\"80\" height=\"15\"><\/a><\/noscript><\/p>\n<p><!-- Finaliza el c\u00f3digo del contador de visitas --><\/p>\n<p><a href=\"http:\/\/www.mindonium.es\/\">volver a inicio<\/a><\/p>\n<h5><span style=\"color: #808080;\">Te gusta la web ? Quieres recibir en tu correo nuevas publicaciones ?<\/span> <a href=\"http:\/\/aviones.mindonium.es\/portal\/wp-login.php?action=register\">Reg\u00edstrate<\/a><\/h5>\n<p>&nbsp;<\/p>\n","protected":false},"excerpt":{"rendered":"<p>Este pr\u00f3ximo s\u00e1bado 15 de octubre , tendr\u00e1 lugar en Mondo\u00f1edo una manifestaci\u00f3n por el cambio de modelo pol\u00edtico y<\/p>\n","protected":false},"author":1,"featured_media":0,"comment_status":"closed","ping_status":"closed","sticky":false,"template":"","format":"standard","meta":{"colormag_page_container_layout":"default_layout","colormag_page_sidebar_layout":"default_layout","_s2mail":"","footnotes":""},"categories":[17],"tags":[],"_links":{"self":[{"href":"https:\/\/aviones.mindonium.es\/portal\/wp-json\/wp\/v2\/posts\/1724"}],"collection":[{"href":"https:\/\/aviones.mindonium.es\/portal\/wp-json\/wp\/v2\/posts"}],"about":[{"href":"https:\/\/aviones.mindonium.es\/portal\/wp-json\/wp\/v2\/types\/post"}],"author":[{"embeddable":true,"href":"https:\/\/aviones.mindonium.es\/portal\/wp-json\/wp\/v2\/users\/1"}],"replies":[{"embeddable":true,"href":"https:\/\/aviones.mindonium.es\/portal\/wp-json\/wp\/v2\/comments?post=1724"}],"version-history":[{"count":7,"href":"https:\/\/aviones.mindonium.es\/portal\/wp-json\/wp\/v2\/posts\/1724\/revisions"}],"predecessor-version":[{"id":1732,"href":"https:\/\/aviones.mindonium.es\/portal\/wp-json\/wp\/v2\/posts\/1724\/revisions\/1732"}],"wp:attachment":[{"href":"https:\/\/aviones.mindonium.es\/portal\/wp-json\/wp\/v2\/media?parent=1724"}],"wp:term":[{"taxonomy":"category","embeddable":true,"href":"https:\/\/aviones.mindonium.es\/portal\/wp-json\/wp\/v2\/categories?post=1724"},{"taxonomy":"post_tag","embeddable":true,"href":"https:\/\/aviones.mindonium.es\/portal\/wp-json\/wp\/v2\/tags?post=1724"}],"curies":[{"name":"wp","href":"https:\/\/api.w.org\/{rel}","templated":true}]}}