{"id":10596,"date":"2025-12-02T19:19:51","date_gmt":"2025-12-02T19:19:51","guid":{"rendered":"https:\/\/aviones.mindonium.es\/portal\/?p=10596"},"modified":"2025-12-02T19:19:54","modified_gmt":"2025-12-02T19:19:54","slug":"panxolinas-no-camino-musica-e-tradicion-na-catedral-de-mondonedo","status":"publish","type":"post","link":"https:\/\/aviones.mindonium.es\/portal\/2025\/12\/02\/panxolinas-no-camino-musica-e-tradicion-na-catedral-de-mondonedo\/","title":{"rendered":"Panxoli\u00f1as no Cami\u00f1o: m\u00fasica e tradici\u00f3n na Catedral de Mondo\u00f1edo"},"content":{"rendered":"\n<p>Panxoli\u00f1as no Cami\u00f1o: m\u00fasica e tradici\u00f3n na Catedral de Mondo\u00f1edo<\/p>\n\n\n\n<p><a><\/a>Este venres 5 de decembro, a Catedral de Mondo\u00f1edo abrir\u00e1 as s\u00faas portas \u00e1 m\u00fasica e \u00e1 emoci\u00f3n compartida. Dentro da terceira edici\u00f3n de Panxoli\u00f1as no Cami\u00f1o, o Coro de Adultos do Conservatorio de Viveiro, baixo a direcci\u00f3n de Antonio J. \u00c1lvarez Neira, ofrecer\u00e1 un concerto especial \u00e1s 20.00 horas.<\/p>\n\n\n\n<p>A celebraci\u00f3n comezar\u00e1 \u00e1s 19.30 coa inauguraci\u00f3n do Bel\u00e9n da Catedral e o preg\u00f3n de Valent\u00edn Insua Palacios, sacrist\u00e1n e campaneiro da seo. Logo, as cincuenta voces do coro interpretar\u00e1n un repertorio variado, preparado con agarimo para esta ocasi\u00f3n.<\/p>\n\n\n\n<p>O acto contar\u00e1 cun momento moi especial: o estreo dunha poes\u00eda dedicada a Mondo\u00f1edo, recitada polo seu autor, o pintor viveirense Roque Fanego. A m\u00fasica vir\u00e1 acompa\u00f1ada pola pianista Paula Fraga Poll\u00e1n, o profesor de gaita Francisco Javier Pena Louzao e un cuarteto dirixido por Juan Cabalar Filgueiras.<\/p>\n\n\n\n<p>A iniciativa est\u00e1 promovida polo Cabido catedralicio e pola Asociaci\u00f3n Sendeiri\u00f1a, presidida por Mar\u00eda Jos\u00e9 Coci\u00f1a, que leva tempo impulsando propostas culturais que unen m\u00fasica e tradici\u00f3n na nosa terra.<\/p>\n\n\n\n<p>Unha cita para sentir, compartir e celebrar o que somos.<\/p>\n\n\n\n<figure class=\"wp-block-image size-large\"><a href=\"https:\/\/aviones.mindonium.es\/portal\/wp-content\/uploads\/2025\/12\/593262766_1288454919993425_6367351117066879990_n.jpg\"><img loading=\"lazy\" decoding=\"async\" width=\"700\" height=\"364\" src=\"https:\/\/aviones.mindonium.es\/portal\/wp-content\/uploads\/2025\/12\/593262766_1288454919993425_6367351117066879990_n-700x364.jpg\" alt=\"\" class=\"wp-image-10597\" srcset=\"https:\/\/aviones.mindonium.es\/portal\/wp-content\/uploads\/2025\/12\/593262766_1288454919993425_6367351117066879990_n-700x364.jpg 700w, https:\/\/aviones.mindonium.es\/portal\/wp-content\/uploads\/2025\/12\/593262766_1288454919993425_6367351117066879990_n-300x156.jpg 300w, https:\/\/aviones.mindonium.es\/portal\/wp-content\/uploads\/2025\/12\/593262766_1288454919993425_6367351117066879990_n-768x399.jpg 768w, https:\/\/aviones.mindonium.es\/portal\/wp-content\/uploads\/2025\/12\/593262766_1288454919993425_6367351117066879990_n.jpg 1185w\" sizes=\"(max-width: 700px) 100vw, 700px\" \/><\/a><\/figure>\n\n\n\n<p><\/p>\n\n\n\n<figure class=\"wp-block-image size-large\"><a href=\"https:\/\/aviones.mindonium.es\/portal\/wp-content\/uploads\/2025\/12\/594012351_1288457489993168_1789672490369302686_n-1.jpg\"><img loading=\"lazy\" decoding=\"async\" width=\"700\" height=\"969\" src=\"https:\/\/aviones.mindonium.es\/portal\/wp-content\/uploads\/2025\/12\/594012351_1288457489993168_1789672490369302686_n-1-700x969.jpg\" alt=\"\" class=\"wp-image-10599\" srcset=\"https:\/\/aviones.mindonium.es\/portal\/wp-content\/uploads\/2025\/12\/594012351_1288457489993168_1789672490369302686_n-1-700x969.jpg 700w, https:\/\/aviones.mindonium.es\/portal\/wp-content\/uploads\/2025\/12\/594012351_1288457489993168_1789672490369302686_n-1-217x300.jpg 217w, https:\/\/aviones.mindonium.es\/portal\/wp-content\/uploads\/2025\/12\/594012351_1288457489993168_1789672490369302686_n-1-768x1063.jpg 768w, https:\/\/aviones.mindonium.es\/portal\/wp-content\/uploads\/2025\/12\/594012351_1288457489993168_1789672490369302686_n-1.jpg 1080w\" sizes=\"(max-width: 700px) 100vw, 700px\" \/><\/a><\/figure>\n\n\n\n<p><\/p>\n\n\n\n<figure class=\"wp-block-image size-large\"><a href=\"https:\/\/aviones.mindonium.es\/portal\/wp-content\/uploads\/2025\/12\/592963587_1288457509993166_6178010310957283012_n.jpg\"><img loading=\"lazy\" decoding=\"async\" width=\"700\" height=\"1018\" src=\"https:\/\/aviones.mindonium.es\/portal\/wp-content\/uploads\/2025\/12\/592963587_1288457509993166_6178010310957283012_n-700x1018.jpg\" alt=\"\" class=\"wp-image-10600\" srcset=\"https:\/\/aviones.mindonium.es\/portal\/wp-content\/uploads\/2025\/12\/592963587_1288457509993166_6178010310957283012_n-700x1018.jpg 700w, https:\/\/aviones.mindonium.es\/portal\/wp-content\/uploads\/2025\/12\/592963587_1288457509993166_6178010310957283012_n-206x300.jpg 206w, https:\/\/aviones.mindonium.es\/portal\/wp-content\/uploads\/2025\/12\/592963587_1288457509993166_6178010310957283012_n-768x1117.jpg 768w, https:\/\/aviones.mindonium.es\/portal\/wp-content\/uploads\/2025\/12\/592963587_1288457509993166_6178010310957283012_n.jpg 1051w\" sizes=\"(max-width: 700px) 100vw, 700px\" \/><\/a><\/figure>\n","protected":false},"excerpt":{"rendered":"<p>Panxoli\u00f1as no Cami\u00f1o: m\u00fasica e tradici\u00f3n na Catedral de Mondo\u00f1edo Este venres 5 de decembro, a Catedral de Mondo\u00f1edo abrir\u00e1<\/p>\n","protected":false},"author":1,"featured_media":0,"comment_status":"closed","ping_status":"closed","sticky":false,"template":"","format":"standard","meta":{"colormag_page_container_layout":"default_layout","colormag_page_sidebar_layout":"default_layout","_s2mail":"yes","footnotes":""},"categories":[17],"tags":[],"_links":{"self":[{"href":"https:\/\/aviones.mindonium.es\/portal\/wp-json\/wp\/v2\/posts\/10596"}],"collection":[{"href":"https:\/\/aviones.mindonium.es\/portal\/wp-json\/wp\/v2\/posts"}],"about":[{"href":"https:\/\/aviones.mindonium.es\/portal\/wp-json\/wp\/v2\/types\/post"}],"author":[{"embeddable":true,"href":"https:\/\/aviones.mindonium.es\/portal\/wp-json\/wp\/v2\/users\/1"}],"replies":[{"embeddable":true,"href":"https:\/\/aviones.mindonium.es\/portal\/wp-json\/wp\/v2\/comments?post=10596"}],"version-history":[{"count":1,"href":"https:\/\/aviones.mindonium.es\/portal\/wp-json\/wp\/v2\/posts\/10596\/revisions"}],"predecessor-version":[{"id":10601,"href":"https:\/\/aviones.mindonium.es\/portal\/wp-json\/wp\/v2\/posts\/10596\/revisions\/10601"}],"wp:attachment":[{"href":"https:\/\/aviones.mindonium.es\/portal\/wp-json\/wp\/v2\/media?parent=10596"}],"wp:term":[{"taxonomy":"category","embeddable":true,"href":"https:\/\/aviones.mindonium.es\/portal\/wp-json\/wp\/v2\/categories?post=10596"},{"taxonomy":"post_tag","embeddable":true,"href":"https:\/\/aviones.mindonium.es\/portal\/wp-json\/wp\/v2\/tags?post=10596"}],"curies":[{"name":"wp","href":"https:\/\/api.w.org\/{rel}","templated":true}]}}