{"id":10054,"date":"2025-02-26T14:56:15","date_gmt":"2025-02-26T14:56:15","guid":{"rendered":"https:\/\/aviones.mindonium.es\/portal\/?p=10054"},"modified":"2025-02-26T14:56:18","modified_gmt":"2025-02-26T14:56:18","slug":"actos-de-homenaxe-a-cunqueiro-e-entrega-do-cunqueriano-de-honra","status":"publish","type":"post","link":"https:\/\/aviones.mindonium.es\/portal\/2025\/02\/26\/actos-de-homenaxe-a-cunqueiro-e-entrega-do-cunqueriano-de-honra\/","title":{"rendered":"Actos de Homenaxe a Cunqueiro e Entrega do Cunqueriano de Honra"},"content":{"rendered":"\n<p><strong>A Editorial Galaxia recibir\u00e1 en Mondo\u00f1edo a distinci\u00f3n\u00a0\u00a0de entidade Cunqueiriana de Honra de 2025<\/strong><\/p>\n\n\n\n<p>Este venres 28, coincidindo co cuadrax\u00e9simo cuarto cabodano de \u00c1lvaro Cunqueiro, far\u00e1selle entrega da distinci\u00f3n de entidade Cunqueiriana de Honra de 2025 \u00e1 Editorial Galaxia, editora da maior parte das obras de \u00c1lvaro Cunqueiro, tales como&nbsp;<em>Merl\u00edn e Familia<\/em>,&nbsp;<em>As cr\u00f3nicas do sochantre<\/em>,&nbsp;<em>O incerto se\u00f1or don Hamlet, Pr\u00edncipe de Dinamarca<\/em>&nbsp;ou&nbsp;<em>Os Outros Feirantes<\/em>, entre outras. Ser\u00e1 en Mondo\u00f1edo, no marco dos actos conmemorativos da efem\u00e9ride do escritor.<\/p>\n\n\n\n<p>Os actos de conmemoraci\u00f3n do cabodano de Cunqueiro comezar\u00e1n \u00e1s 11:00h no Cemiterio Vello, onde ter\u00e1 lugar a Ofrenda Floral diante da tumba do autor. Est\u00e1 previsto que asistan \u00e1 mesma autoridades locais, provinciais e auton\u00f3micas, as\u00ed como familiares de \u00c1lvaro Cunqueiro, intelectuais da cidade e unha representaci\u00f3n da Editorial Galaxia. Nesta mesma visita, e como xa \u00e9 tradici\u00f3n, tam\u00e9n se depositar\u00e1 unha rosa vermella na tumba de Manuel Leiras Pulpeiro, outro dos grandes pr\u00f3ceres literarios mindonienses.<\/p>\n\n\n\n<p>A seguir, a comitiva trasladarase ao Sal\u00f3n de Plenos do Concello, onde se celebrar\u00e1 a cerimonia de entrega da distinci\u00f3n de entidade Cunqueiriana de Honra \u00e1 Editorial Galaxia. Al\u00ed tomar\u00e1 a palabra en primeiro lugar, en nome da comisi\u00f3n responsable da distinci\u00f3n, o coordinador de Actividades e Publicaci\u00f3ns da Casa Museo \u00c1lvaro Cunqueiro, Armando Requeixo. Acto seguido ser\u00e1 C\u00e9sar Cunqueiro, fillo do insigne escritor mindoniense. quen intervir\u00e1 e far\u00e1 a laudatio da instituci\u00f3n homenaxeada. Inmediatamente despois, o representante da Editorial Galaxia pronunciar\u00e1 o seu discurso de recepci\u00f3n e o acto rematar\u00e1 coa intervenci\u00f3n das autoridades e da presidencia, amais de coa lectura p\u00fablica dunha obra de Cunqueiro, que iniciar\u00e1 a entidade distinguida e continuar\u00e1n logo outras persoas asistentes.<\/p>\n\n\n\n<p>Todos os actos deste d\u00eda son p\u00fablicos e abertos a quen queira achegarse a homenaxear o noso ilustre D. \u00c1lvaro Cunqueiro.<\/p>\n\n\n\n<figure class=\"wp-block-image size-large\"><a href=\"https:\/\/aviones.mindonium.es\/portal\/wp-content\/uploads\/2025\/02\/Editorial-Galaxia.jpeg\"><img loading=\"lazy\" decoding=\"async\" width=\"700\" height=\"525\" src=\"https:\/\/aviones.mindonium.es\/portal\/wp-content\/uploads\/2025\/02\/Editorial-Galaxia-700x525.jpeg\" alt=\"\" class=\"wp-image-10055\" srcset=\"https:\/\/aviones.mindonium.es\/portal\/wp-content\/uploads\/2025\/02\/Editorial-Galaxia-700x525.jpeg 700w, https:\/\/aviones.mindonium.es\/portal\/wp-content\/uploads\/2025\/02\/Editorial-Galaxia-300x225.jpeg 300w, https:\/\/aviones.mindonium.es\/portal\/wp-content\/uploads\/2025\/02\/Editorial-Galaxia-768x576.jpeg 768w, https:\/\/aviones.mindonium.es\/portal\/wp-content\/uploads\/2025\/02\/Editorial-Galaxia.jpeg 1000w\" sizes=\"(max-width: 700px) 100vw, 700px\" \/><\/a><\/figure>\n","protected":false},"excerpt":{"rendered":"<p>A Editorial Galaxia recibir\u00e1 en Mondo\u00f1edo a distinci\u00f3n\u00a0\u00a0de entidade Cunqueiriana de Honra de 2025 Este venres 28, coincidindo co cuadrax\u00e9simo<\/p>\n","protected":false},"author":1,"featured_media":0,"comment_status":"closed","ping_status":"closed","sticky":false,"template":"","format":"standard","meta":{"colormag_page_container_layout":"default_layout","colormag_page_sidebar_layout":"default_layout","_s2mail":"yes","footnotes":""},"categories":[17],"tags":[],"_links":{"self":[{"href":"https:\/\/aviones.mindonium.es\/portal\/wp-json\/wp\/v2\/posts\/10054"}],"collection":[{"href":"https:\/\/aviones.mindonium.es\/portal\/wp-json\/wp\/v2\/posts"}],"about":[{"href":"https:\/\/aviones.mindonium.es\/portal\/wp-json\/wp\/v2\/types\/post"}],"author":[{"embeddable":true,"href":"https:\/\/aviones.mindonium.es\/portal\/wp-json\/wp\/v2\/users\/1"}],"replies":[{"embeddable":true,"href":"https:\/\/aviones.mindonium.es\/portal\/wp-json\/wp\/v2\/comments?post=10054"}],"version-history":[{"count":1,"href":"https:\/\/aviones.mindonium.es\/portal\/wp-json\/wp\/v2\/posts\/10054\/revisions"}],"predecessor-version":[{"id":10056,"href":"https:\/\/aviones.mindonium.es\/portal\/wp-json\/wp\/v2\/posts\/10054\/revisions\/10056"}],"wp:attachment":[{"href":"https:\/\/aviones.mindonium.es\/portal\/wp-json\/wp\/v2\/media?parent=10054"}],"wp:term":[{"taxonomy":"category","embeddable":true,"href":"https:\/\/aviones.mindonium.es\/portal\/wp-json\/wp\/v2\/categories?post=10054"},{"taxonomy":"post_tag","embeddable":true,"href":"https:\/\/aviones.mindonium.es\/portal\/wp-json\/wp\/v2\/tags?post=10054"}],"curies":[{"name":"wp","href":"https:\/\/api.w.org\/{rel}","templated":true}]}}