{"id":10047,"date":"2025-02-05T23:36:12","date_gmt":"2025-02-05T23:36:12","guid":{"rendered":"https:\/\/aviones.mindonium.es\/portal\/?p=10047"},"modified":"2025-02-05T23:36:15","modified_gmt":"2025-02-05T23:36:15","slug":"a-editorial-galaxia-entidadecunqueiriana-de-honra-de-2025","status":"publish","type":"post","link":"https:\/\/aviones.mindonium.es\/portal\/2025\/02\/05\/a-editorial-galaxia-entidadecunqueiriana-de-honra-de-2025\/","title":{"rendered":"A Editorial Galaxia entidadeCunqueiriana de Honra de 2025"},"content":{"rendered":"\n<p>O venres 28 de febreiro representantes da Editorial Galaxia recibir\u00e1n a distinci\u00f3n \u00e1 entidade como Cunqueiriana de Honra deste 2025. Ser\u00e1 no Sal\u00f3n de Plenos do Concello de Mondo\u00f1edo \u00e1s 12:00h e a laudatio da entidade distinguida correr\u00e1 a cargo de C\u00e9sar Cunqueiro. Deste xeito, a Editorial Galaxia converterase na novena proposta homenaxeada dende que se institu\u00edu este galard\u00f3n.<br>O Concello de Mondo\u00f1edo e a Casa Museo \u00c1lvaro Cunqueiro promoven a distinci\u00f3n de Cunqueiriano de Honra co fin de reco\u00f1ecer o labor daqueles persoeiros ou entidades que se te\u00f1en significado na visibilizaci\u00f3n e proxecci\u00f3n da figura do escritor mindoniense.<br>Neste 2025 unha comisi\u00f3n designada ao efecto polo Concello de Mondo\u00f1edo e a Casa Museo \u00c1lvaro Cunqueiro, organizadores do evento, quixo reco\u00f1ecer con esta distinci\u00f3n o vencello hist\u00f3rico que une a Editorial Galaxia e os seus fundadores co escritor mindoniense, pois foi neste selo editor onde veu a luz a meirande parte da s\u00faa obra e a\u00ednda hoxe contin\u00faa a publicarse.<br>A comisi\u00f3n que elixiu a Editorial Galaxia como entidade Cunqueiriana de Honra de 2025 por maior\u00eda estivo formada por C\u00e9sar Cunqueiro (fillo do escritor), Claudio Rodr\u00edguez Fer (Cunqueiriano de Honra do ano anterior), Alberto Garc\u00eda Fern\u00e1ndez (Concelleiro de Cultura, Educaci\u00f3n e Xuventude), Antonio Reigosa (Cronista Oficial de Mondo\u00f1edo), Abel Vigo Garc\u00eda (arque\u00f3logo municipal), Miguel Gonz\u00e1lez Somovilla (xornalista e estudoso da obra de Cunqueiro) e Armando Requeixo (Coordinador da CMAC).<br>A Editorial Galaxia, que neste 2025 celebra o 75 aniversario da s\u00faa fundaci\u00f3n, tivo un papel decisivo na recuperaci\u00f3n literaria de Cunqueiro na Posguerra, pois nela apareceron alg\u00fans dos t\u00edtulos maiores do autor, como Merl\u00edn e familia (1955), As cr\u00f3nicas do sochantre (1956), Escola de menci\u00f1eiros (1960) ou Si o vello Sinbad volvese \u00e1s illas (1961) e, xa nos derradeiros anos do escritor, Xente de aqu\u00ed e acol\u00e1 (1971), Os outros feirantes (1979) e a s\u00faa Obra en galego completa (1980). En tempos recentes, reeditou tam\u00e9n todos estes t\u00edtulos e outros na Biblioteca \u00c1lvaro Cunqueiro, aos que sumou compilaci\u00f3ns da s\u00faa poes\u00eda, teatro e articul\u00edstica e, na s\u00faa divisi\u00f3n de Mar Maior, a reedici\u00f3n de El a\u00f1o del cometa, Flores del a\u00f1o mil y pico de ave, a versi\u00f3n castel\u00e1 Merl\u00edn y familia e mais Vida y fugas de Fanto Fantini.<br>De por parte, esta distinci\u00f3n \u00e1 Editorial Galaxia quere ser tam\u00e9n un reco\u00f1ecento a persoeiros esenciais para esta entidade, como Francisco Fern\u00e1ndez del Riego, Ram\u00f3n Pi\u00f1eiro, Xaime Illa Couto ou Domingo Garc\u00eda-Sabell, quen dende os seus inicios apoiaron a escrita e a proxecci\u00f3n autorial de \u00c1lvaro Cunqueiro.<br>Coa designaci\u00f3n da Editorial Galaxia como entidade Cunqueiriana de Honra de 2025 (que incl\u00fae placa conmemorativa e diploma acreditativo) o Concello de Mondo\u00f1edo e a Casa Museo \u00c1lvaro Cunqueiro consolidan a traxectoria destes nomeamentos, que en anos anteriores reco\u00f1eceron o labor de persoeiros como Dar\u00edo Villanueva, V\u00edctor F. Freixanes , Rexina Vega, C\u00e9sar Antonio Molina, Manuel Lourenzo ou Claudio Rodr\u00edguez Fer, entre outros.<\/p>\n\n\n\n<figure class=\"wp-block-image size-large\"><a href=\"https:\/\/aviones.mindonium.es\/portal\/wp-content\/uploads\/2025\/02\/Obras-Cunqueiro-Galaxia.png\"><img loading=\"lazy\" decoding=\"async\" width=\"700\" height=\"525\" src=\"https:\/\/aviones.mindonium.es\/portal\/wp-content\/uploads\/2025\/02\/Obras-Cunqueiro-Galaxia-700x525.png\" alt=\"\" class=\"wp-image-10048\" srcset=\"https:\/\/aviones.mindonium.es\/portal\/wp-content\/uploads\/2025\/02\/Obras-Cunqueiro-Galaxia-700x525.png 700w, https:\/\/aviones.mindonium.es\/portal\/wp-content\/uploads\/2025\/02\/Obras-Cunqueiro-Galaxia-300x225.png 300w, https:\/\/aviones.mindonium.es\/portal\/wp-content\/uploads\/2025\/02\/Obras-Cunqueiro-Galaxia-768x576.png 768w, https:\/\/aviones.mindonium.es\/portal\/wp-content\/uploads\/2025\/02\/Obras-Cunqueiro-Galaxia-1536x1152.png 1536w, https:\/\/aviones.mindonium.es\/portal\/wp-content\/uploads\/2025\/02\/Obras-Cunqueiro-Galaxia.png 2016w\" sizes=\"(max-width: 700px) 100vw, 700px\" \/><\/a><\/figure>\n","protected":false},"excerpt":{"rendered":"<p>O venres 28 de febreiro representantes da Editorial Galaxia recibir\u00e1n a distinci\u00f3n \u00e1 entidade como Cunqueiriana de Honra deste 2025.<\/p>\n","protected":false},"author":1,"featured_media":0,"comment_status":"closed","ping_status":"closed","sticky":false,"template":"","format":"standard","meta":{"colormag_page_container_layout":"default_layout","colormag_page_sidebar_layout":"default_layout","_s2mail":"yes","footnotes":""},"categories":[17],"tags":[],"_links":{"self":[{"href":"https:\/\/aviones.mindonium.es\/portal\/wp-json\/wp\/v2\/posts\/10047"}],"collection":[{"href":"https:\/\/aviones.mindonium.es\/portal\/wp-json\/wp\/v2\/posts"}],"about":[{"href":"https:\/\/aviones.mindonium.es\/portal\/wp-json\/wp\/v2\/types\/post"}],"author":[{"embeddable":true,"href":"https:\/\/aviones.mindonium.es\/portal\/wp-json\/wp\/v2\/users\/1"}],"replies":[{"embeddable":true,"href":"https:\/\/aviones.mindonium.es\/portal\/wp-json\/wp\/v2\/comments?post=10047"}],"version-history":[{"count":1,"href":"https:\/\/aviones.mindonium.es\/portal\/wp-json\/wp\/v2\/posts\/10047\/revisions"}],"predecessor-version":[{"id":10049,"href":"https:\/\/aviones.mindonium.es\/portal\/wp-json\/wp\/v2\/posts\/10047\/revisions\/10049"}],"wp:attachment":[{"href":"https:\/\/aviones.mindonium.es\/portal\/wp-json\/wp\/v2\/media?parent=10047"}],"wp:term":[{"taxonomy":"category","embeddable":true,"href":"https:\/\/aviones.mindonium.es\/portal\/wp-json\/wp\/v2\/categories?post=10047"},{"taxonomy":"post_tag","embeddable":true,"href":"https:\/\/aviones.mindonium.es\/portal\/wp-json\/wp\/v2\/tags?post=10047"}],"curies":[{"name":"wp","href":"https:\/\/api.w.org\/{rel}","templated":true}]}}