{"id":10035,"date":"2024-11-08T13:48:26","date_gmt":"2024-11-08T13:48:26","guid":{"rendered":"https:\/\/aviones.mindonium.es\/portal\/?p=10035"},"modified":"2024-11-08T13:49:14","modified_gmt":"2024-11-08T13:49:14","slug":"o-festival-breason-enche-mondonedo-de-musica-e-tradicion-esta-fin-de-semana","status":"publish","type":"post","link":"https:\/\/aviones.mindonium.es\/portal\/2024\/11\/08\/o-festival-breason-enche-mondonedo-de-musica-e-tradicion-esta-fin-de-semana\/","title":{"rendered":"O festival BREASON enche Mondo\u00f1edo de m\u00fasica e tradici\u00f3n esta fin de semana"},"content":{"rendered":"\n<p>Esta fin de semana, Mondo\u00f1edo converterase no epicentro da cultura e a m\u00fasica coa celebraci\u00f3n do festival BREASON. O evento comezar\u00e1 o 8 de novembro \u00e1s 21:00h na Praza da Catedral coa actuaci\u00f3n da Banda Municipal Pascual Veiga. O 9 de novembro, a xornada comezar\u00e1 \u00e1s 12:00h coa Sessi\u00f3n Verm\u00fa na Praza da Catedral, onde actuar\u00e1n Cata Arnao, A Galiana, La Duendeneta e Brassica Rapa.<\/p>\n\n\n\n<p>&nbsp;\u00c1s 17:00h, Os Mu\u00ed\u00f1os acoller\u00e1n obradoiros de t\u00edteres, canter\u00eda e olar\u00eda<\/p>\n\n\n\n<p>\u00c1s 19:00h, na Praza do Concello, celebrarase o Magosto Popular coa participaci\u00f3n da Asociaci\u00f3n O Pasatempo e Os Carricantos.<\/p>\n\n\n\n<p>&nbsp;A noite continuar\u00e1 na Praza da Catedral con concertos de Meni\u00f1as da Mari\u00f1a, De Ninghures, Ortiga, Terbutalina e Cool Nenas, a partir das 21:00h<\/p>\n\n\n\n<p>\u00a0O festival pechar\u00e1 cun after na Sala \u00e1s 04:00h Non perdas esta oportunidade de gozar dunha fin de semana chea de m\u00fasica, tradici\u00f3n e diversi\u00f3n en Mondo\u00f1edo.<\/p>\n\n\n\n<figure class=\"wp-block-image size-full is-resized\"><a href=\"https:\/\/aviones.mindonium.es\/portal\/wp-content\/uploads\/2024\/11\/465050797_17952305702847817_6362989756366820469_n.jpg\"><img loading=\"lazy\" decoding=\"async\" width=\"600\" height=\"400\" src=\"https:\/\/aviones.mindonium.es\/portal\/wp-content\/uploads\/2024\/11\/465050797_17952305702847817_6362989756366820469_n.jpg\" alt=\"\" class=\"wp-image-10036\" style=\"width:690px;height:auto\" srcset=\"https:\/\/aviones.mindonium.es\/portal\/wp-content\/uploads\/2024\/11\/465050797_17952305702847817_6362989756366820469_n.jpg 600w, https:\/\/aviones.mindonium.es\/portal\/wp-content\/uploads\/2024\/11\/465050797_17952305702847817_6362989756366820469_n-300x200.jpg 300w\" sizes=\"(max-width: 600px) 100vw, 600px\" \/><\/a><\/figure>\n\n\n\n<p><\/p>\n\n\n\n<figure class=\"wp-block-image size-full\"><a href=\"https:\/\/aviones.mindonium.es\/portal\/wp-content\/uploads\/2024\/11\/465003817_17952305699847817_8258245280945595538_n-2.jpg\"><img loading=\"lazy\" decoding=\"async\" width=\"600\" height=\"400\" src=\"https:\/\/aviones.mindonium.es\/portal\/wp-content\/uploads\/2024\/11\/465003817_17952305699847817_8258245280945595538_n-2.jpg\" alt=\"\" class=\"wp-image-10041\" srcset=\"https:\/\/aviones.mindonium.es\/portal\/wp-content\/uploads\/2024\/11\/465003817_17952305699847817_8258245280945595538_n-2.jpg 600w, https:\/\/aviones.mindonium.es\/portal\/wp-content\/uploads\/2024\/11\/465003817_17952305699847817_8258245280945595538_n-2-300x200.jpg 300w\" sizes=\"(max-width: 600px) 100vw, 600px\" \/><\/a><\/figure>\n","protected":false},"excerpt":{"rendered":"<p>Esta fin de semana, Mondo\u00f1edo converterase no epicentro da cultura e a m\u00fasica coa celebraci\u00f3n do festival BREASON. O evento<\/p>\n","protected":false},"author":1,"featured_media":0,"comment_status":"closed","ping_status":"closed","sticky":false,"template":"","format":"standard","meta":{"colormag_page_container_layout":"default_layout","colormag_page_sidebar_layout":"default_layout","_s2mail":"yes","footnotes":""},"categories":[17],"tags":[],"_links":{"self":[{"href":"https:\/\/aviones.mindonium.es\/portal\/wp-json\/wp\/v2\/posts\/10035"}],"collection":[{"href":"https:\/\/aviones.mindonium.es\/portal\/wp-json\/wp\/v2\/posts"}],"about":[{"href":"https:\/\/aviones.mindonium.es\/portal\/wp-json\/wp\/v2\/types\/post"}],"author":[{"embeddable":true,"href":"https:\/\/aviones.mindonium.es\/portal\/wp-json\/wp\/v2\/users\/1"}],"replies":[{"embeddable":true,"href":"https:\/\/aviones.mindonium.es\/portal\/wp-json\/wp\/v2\/comments?post=10035"}],"version-history":[{"count":3,"href":"https:\/\/aviones.mindonium.es\/portal\/wp-json\/wp\/v2\/posts\/10035\/revisions"}],"predecessor-version":[{"id":10042,"href":"https:\/\/aviones.mindonium.es\/portal\/wp-json\/wp\/v2\/posts\/10035\/revisions\/10042"}],"wp:attachment":[{"href":"https:\/\/aviones.mindonium.es\/portal\/wp-json\/wp\/v2\/media?parent=10035"}],"wp:term":[{"taxonomy":"category","embeddable":true,"href":"https:\/\/aviones.mindonium.es\/portal\/wp-json\/wp\/v2\/categories?post=10035"},{"taxonomy":"post_tag","embeddable":true,"href":"https:\/\/aviones.mindonium.es\/portal\/wp-json\/wp\/v2\/tags?post=10035"}],"curies":[{"name":"wp","href":"https:\/\/api.w.org\/{rel}","templated":true}]}}